{"id":50257,"date":"2019-08-05T05:35:05","date_gmt":"2019-08-05T09:35:05","guid":{"rendered":"https:\/\/linitiative.ca\/International\/el-jadida-un-vent-musical-electrique-souffle\/"},"modified":"2019-08-05T05:35:05","modified_gmt":"2019-08-05T09:35:05","slug":"el-jadida-un-vent-musical-electrique-souffle","status":"publish","type":"post","link":"https:\/\/linitiative.ca\/International\/el-jadida-un-vent-musical-electrique-souffle\/","title":{"rendered":"El Jadida: Un vent musical \u00e9lectrique souffle"},"content":{"rendered":"<p class=\"c4\"><span class=\"c3\"><em><strong><span class=\"c2\"><img loading=\"lazy\" decoding=\"async\" class=\" wp-image-80456 alignright\" src=\"http:\/\/albayane.press.ma\/wp-content\/uploads\/PARADE-3-230x130.jpg\" alt=\"\" width=\"212\" height=\"120\"\/>L<\/span>a ville d\u2019El Jadida a vibr\u00e9 le week-end dernier sur les rythmes et les m\u00e9lodies du festival international Jawhara.<\/strong><\/em><\/span><\/p>\n<p class=\"c5\">Un festival estival. Les amoureux de la musique et le grand public doukali n\u2019ont pas manqu\u00e9 les rendez-vous musicaux de la 9<sup>\u00e8me<\/sup> \u00e9dition rythm\u00e9e, color\u00e9e et musicale. En effet, les trois sc\u00e8nes \u00e0 savoir la grande sc\u00e8ne d\u2019El Jadida, Azemmour et Bir Jdid ont accueilli ses festivals, estivants et invit\u00e9s. Trois lieux, trois programmations artistiques aux go\u00fbts du Chaabi, le Ray et la musique orientale.<\/p>\n<p class=\"c5\">Par ailleurs, plus de 70.000 personnes de tous les \u00e2ges se sont venues assister concert d\u2019ouverture qui a \u00e9t\u00e9 donn\u00e9 \u00e0 la grande sc\u00e8ne de la ville d\u2019El Jadida, affirment les organisateurs. Le bal a \u00e9t\u00e9 ouvert par deux chanteurs connus ici et\u00a0 ailleurs \u00e0 savoir le libanais Yuri Mrakadi qui a fait vibrer ses fans sur les rythmes de dabkeh et les titres les plus connus de son r\u00e9pertoire musical. En outre, le tr\u00e8s attendu Abdelaziz Stati a mis du feu sur sc\u00e8ne. En fait, c\u2019est un habitu\u00e9 du festival et de la r\u00e9gion o\u00f9 il a vu le jour.<\/p>\n<p class=\"c5\">Le chanteur populaire qui s\u2019est produit d\u00e9j\u00e0 sur les sc\u00e8nes de\u00a0 cette ville et ses environs a daign\u00e9 des mar\u00e9es humaines qui ont afflu\u00e9 pour bouger sur ses fameuses chansons dont \u00abZen oulatay\u00bb, \u00abL\u2019visa w l\u2019passeport\u00bb, \u00abLaalwa\u00bb, \u00abMoulay Taher\u00bb. Et ce n\u2019est pas tout\u2026 la f\u00eate a continu\u00e9 sur les autres espaces du festival. C\u2019est le chanteur Doukali Said Oueld El houate qui a emport\u00e9\u00a0 son public sur sc\u00e8ne d\u2019Azemmour \u00e0 son univers musical rythm\u00e9 et \u00e9lectrique. Il est l\u2019une des figures de proue de la chanson populaire marocaine, Oueld El houate a su accrocher ceux qui sont venus massivement l\u2019applaudir en chantant son c\u00e9l\u00e8bre titre \u00abBnat lkouliya\u00bb et ses m\u00e9lodies harmonieuses du violon.<\/p>\n<p class=\"c5\">Par la suite c\u2019\u00e9tait le tour du jeune chanteur Issam Kamal pour partager la sc\u00e8ne devant un public estim\u00e9 par les organisateurs de 60.000. Une soir\u00e9e qui a rendu hommage aux fils prodigues de la r\u00e9gion, \u00e0 ses chanteurs et ses voix d\u2019or. Le p\u00e9riple musical de la soir\u00e9e d\u2019ouverture a continu\u00e9 son aventure avec un des noms de la chanson populaire, Hamid Lmardi qui chant\u00e9 devant 50.000 personnes. La soir\u00e9e du Samedi a \u00e9t\u00e9 marqu\u00e9e par la pr\u00e9sence d\u2019une belle brochette de musiciens et chanteurs en l\u2019occurrence de Douadi, Cheb Amrou, Daoudi Sghir, Khlid Aboualaoui, Zakaria\u00a0 Ghafouli, Zina Daoudia. Le public d\u2019El Jadida est connu par son enthousiasme et son amour \u00e0 la musique et les arts.<\/p>\n<p class=\"c5\">Le festival n\u2019est pas seulement de la musique, mais aussi des expositions, des rencontres litt\u00e9raires, des spectacles de rue et des activit\u00e9s sportives qui ont anim\u00e9 les trois villes pendant les trois jours de la manifestation. Au c\u0153ur de la ville d\u2019El Jadida, plus pr\u00e9cis\u00e9ment de la cit\u00e9 portugaise vers le Parc Mohammed V, la fameuse Parade de Jawhara a sillonn\u00e9 les art\u00e8res principales de la ville.<\/p>\n<p class=\"c5\">Des percussionnistes, musiciens ont fait bouger la ville et ses lieux embl\u00e9matiques par des prestations et spectacles\u00a0 artistiques au plaisir des yeux et des oreilles. Il n\u2019y a pas mieux que la musique pour c\u00e9l\u00e9brer l\u2019\u00e9t\u00e9.<\/p>\n<p class=\"c4\"><strong>Mohamed Na\u00eet Youssef<\/strong><\/p>\n<p>Auteur: M&rsquo;hammed rahal<br \/>\n<a href=\"http:\/\/albayane.press.ma\/el-jadida-un-vent-musical-electrique-souffle.html\">Cliquez ici pour lire l&rsquo;article depuis sa source.<\/a><\/p>\n","protected":false},"excerpt":{"rendered":"<p>La ville d\u2019El Jadida a vibr\u00e9 le week-end dernier sur les rythmes et les m\u00e9lodies du festival international Jawhara. Un festival estival. Les amoureux de la musique et le grand public doukali n\u2019ont pas manqu\u00e9 les rendez-vous musicaux de la 9\u00e8me \u00e9dition rythm\u00e9e, color\u00e9e et musicale. En effet, les trois sc\u00e8nes \u00e0 savoir la grande [&hellip;]<\/p>\n","protected":false},"author":1760,"featured_media":50258,"comment_status":"closed","ping_status":"closed","sticky":false,"template":"","format":"standard","meta":{"fifu_image_url":"","fifu_image_alt":"","footnotes":""},"categories":[73,54],"tags":[],"class_list":["post-50257","post","type-post","status-publish","format-standard","has-post-thumbnail","hentry","category-actualite","category-maroc"],"_links":{"self":[{"href":"https:\/\/linitiative.ca\/International\/wp-json\/wp\/v2\/posts\/50257","targetHints":{"allow":["GET"]}}],"collection":[{"href":"https:\/\/linitiative.ca\/International\/wp-json\/wp\/v2\/posts"}],"about":[{"href":"https:\/\/linitiative.ca\/International\/wp-json\/wp\/v2\/types\/post"}],"author":[{"embeddable":true,"href":"https:\/\/linitiative.ca\/International\/wp-json\/wp\/v2\/users\/1760"}],"replies":[{"embeddable":true,"href":"https:\/\/linitiative.ca\/International\/wp-json\/wp\/v2\/comments?post=50257"}],"version-history":[{"count":0,"href":"https:\/\/linitiative.ca\/International\/wp-json\/wp\/v2\/posts\/50257\/revisions"}],"wp:featuredmedia":[{"embeddable":true,"href":"https:\/\/linitiative.ca\/International\/wp-json\/"}],"wp:attachment":[{"href":"https:\/\/linitiative.ca\/International\/wp-json\/wp\/v2\/media?parent=50257"}],"wp:term":[{"taxonomy":"category","embeddable":true,"href":"https:\/\/linitiative.ca\/International\/wp-json\/wp\/v2\/categories?post=50257"},{"taxonomy":"post_tag","embeddable":true,"href":"https:\/\/linitiative.ca\/International\/wp-json\/wp\/v2\/tags?post=50257"}],"curies":[{"name":"wp","href":"https:\/\/api.w.org\/{rel}","templated":true}]}}