{"id":50277,"date":"2019-08-05T10:04:32","date_gmt":"2019-08-05T14:04:32","guid":{"rendered":"https:\/\/linitiative.ca\/International\/khenchela-18-projets-pour-assurer-plus-53-000-m3-jour-en-eau-potable\/"},"modified":"2019-08-05T10:04:32","modified_gmt":"2019-08-05T14:04:32","slug":"khenchela-18-projets-pour-assurer-plus-53-000-m3-jour-en-eau-potable","status":"publish","type":"post","link":"https:\/\/linitiative.ca\/International\/khenchela-18-projets-pour-assurer-plus-53-000-m3-jour-en-eau-potable\/","title":{"rendered":"Khenchela : 18 projets pour assurer plus 53.000 m3\/jour en eau potable"},"content":{"rendered":"<div>\n<div class=\"K2FeedImage\"><img decoding=\"async\" src=\"http:\/\/www.aps.dz\/media\/k2\/items\/cache\/e64f2200e1809b522f3f6a76e8fdd837_S.jpg\" alt=\"Khenchela : 18 projets pour assurer plus 53.000 m3\/jour en eau potable\"><\/div>\n<div class=\"K2FeedIntroText\">\n<p><strong>KHENCHELA- Dix-huit (18) op\u00e9rations de d\u00e9veloppement portant le renforcement de l\u2019alimentation en eau potable (AEP) sont en cours de r\u00e9alisation dans la wilaya de Khenchela en vue de mobiliser un volume d\u2019eau suppl\u00e9mentaire\u00a0 de plus de 53.000 m3\/jour, a-t-on appris lundi aupr\u00e8s de la direction des ressources en eau.<\/strong><\/p>\n<\/div>\n<div class=\"K2FeedFullText\">\n<p>Inscrits dans le cadre du programme d\u2019urgence relevant de l\u2019ann\u00e9e financi\u00e8re de l\u2019ann\u00e9e 2018 de la wilaya de Khenchela, dix-huit (18) projets d\u2019AEP ont \u00e9t\u00e9 lanc\u00e9s en travaux \u00e0 travers diff\u00e9rentes communes pour mobiliser\u00a0 53 000 m3 \/ jour aux habitants de la r\u00e9gion, a indiqu\u00e9 \u00e0 l\u2019APS, le directeur des ressources en eau, Remdane Bouchair.<\/p>\n<p>Un budget \u00ab\u00a0cons\u00e9quent\u00a0\u00bb puis\u00e9 d\u2019une enveloppe financi\u00e8re dont a b\u00e9n\u00e9fici\u00e9 la wilaya de Khenchela au titre de l\u2019ann\u00e9e pr\u00e9c\u00e9dente dans le cadre de la Caisse de solidarit\u00e9 et de garantie des collectivit\u00e9s locales, a \u00e9t\u00e9 allou\u00e9 \u00e0 la direction des ressources en eau pour la concr\u00e9tisation de ces op\u00e9rations, a pr\u00e9cis\u00e9 le m\u00eame responsable.<\/p>\n<p>Il a \u00e9galement soulign\u00e9 que ces projets, entam\u00e9s au mois de janvier dernier, concernent principalement la r\u00e9habilitation des forages, la r\u00e9novation et l\u2019extension des r\u00e9seaux de l\u2019alimentation en eau potable (AEP) ainsi que la r\u00e9alisation de 2.000 m\u00e8tres linaires de canalisations \u00e0 travers les diff\u00e9rentes communes de la wilaya.<\/p>\n<p>Le projet de r\u00e9alisation de 19 forages, dont les travaux ont \u00e9t\u00e9 parachev\u00e9s r\u00e9cemment, a permis de mobiliser\u00a0 18.000 m3 d\u2019eau\u00a0 quotidien des habitants de la wilaya en eau potable, a-t-on not\u00e9 soulignant qu\u2019 \u00e0 c\u00f4t\u00e9 la mise en service d\u2019une station d\u2019\u00e9puration des eaux superficielles dans la commune de Babar a permis de b\u00e9n\u00e9ficier d&rsquo;une quantit\u00e9 suppl\u00e9mentaire\u00a0 de 7.000 m3 d&rsquo;eau potable par jour.<\/p>\n<p>Aussi, l&rsquo;exploitation de la station de distribution du barrage de Babar \u00e0 100% assure un approvisionnement de 17.800 m3 par jour et appuie les efforts d\u00e9ploy\u00e9s pour renforcer l\u2019AEP.<\/p>\n<p>Inscrits dans le cadre du programme d\u2019urgence, plusieurs projets d\u2019am\u00e9lioration et de renforcement du r\u00e9seau AEP seront \u00ab\u00a0prochainement\u00a0\u00bb entam\u00e9s, a r\u00e9v\u00e9l\u00e9 M. Bouchair, citant notamment la r\u00e9novation de la conduite principale d\u2019eau potable qui assure l\u2019approvisionnement des habitants du chef-lieu de commune de Djelal, l\u2019extension du r\u00e9seau de distribution de la cit\u00e9 avoisinant le si\u00e8ge de la brigade de la Gendarmerie nationale, l\u2019extension du r\u00e9seau d\u2019assainissement de la localit\u00e9 de Hidane (commune de Djelal) ainsi que la r\u00e9alisation de bassins d\u2019\u00e9puration.<\/p>\n<p>L\u2019objectif de ces projets est de r\u00e9cup\u00e9rer et mobiliser les eaux perdues en vue d\u2019am\u00e9liorer l\u2019approvisionnement et la couverture des besoins des habitants de la wilaya de Khenchela en eau potable, a assur\u00e9 le directeur du secteur.<\/p>\n<\/div>\n<\/div>\n<p>Auteur:<br \/>\n<a href=\"http:\/\/www.aps.dz\/regions\/92903-khenchela-18-projets-pour-assurer-plus-53-000-m3-jour-en-eau-potable\">Cliquez ici pour lire l&rsquo;article depuis sa source.<\/a><\/p>\n","protected":false},"excerpt":{"rendered":"<p>KHENCHELA- Dix-huit (18) op\u00e9rations de d\u00e9veloppement portant le renforcement de l\u2019alimentation en eau potable (AEP) sont en cours de r\u00e9alisation dans la wilaya de Khenchela en vue de mobiliser un volume d\u2019eau suppl\u00e9mentaire\u00a0 de plus de 53.000 m3\/jour, a-t-on appris lundi aupr\u00e8s de la direction des ressources en eau. Inscrits dans le cadre du programme [&hellip;]<\/p>\n","protected":false},"author":1790,"featured_media":50278,"comment_status":"closed","ping_status":"closed","sticky":false,"template":"","format":"standard","meta":{"fifu_image_url":"","fifu_image_alt":"","footnotes":""},"categories":[53,76],"tags":[],"class_list":["post-50277","post","type-post","status-publish","format-standard","has-post-thumbnail","hentry","category-algerie","category-regions"],"_links":{"self":[{"href":"https:\/\/linitiative.ca\/International\/wp-json\/wp\/v2\/posts\/50277","targetHints":{"allow":["GET"]}}],"collection":[{"href":"https:\/\/linitiative.ca\/International\/wp-json\/wp\/v2\/posts"}],"about":[{"href":"https:\/\/linitiative.ca\/International\/wp-json\/wp\/v2\/types\/post"}],"author":[{"embeddable":true,"href":"https:\/\/linitiative.ca\/International\/wp-json\/wp\/v2\/users\/1790"}],"replies":[{"embeddable":true,"href":"https:\/\/linitiative.ca\/International\/wp-json\/wp\/v2\/comments?post=50277"}],"version-history":[{"count":0,"href":"https:\/\/linitiative.ca\/International\/wp-json\/wp\/v2\/posts\/50277\/revisions"}],"wp:featuredmedia":[{"embeddable":true,"href":"https:\/\/linitiative.ca\/International\/wp-json\/"}],"wp:attachment":[{"href":"https:\/\/linitiative.ca\/International\/wp-json\/wp\/v2\/media?parent=50277"}],"wp:term":[{"taxonomy":"category","embeddable":true,"href":"https:\/\/linitiative.ca\/International\/wp-json\/wp\/v2\/categories?post=50277"},{"taxonomy":"post_tag","embeddable":true,"href":"https:\/\/linitiative.ca\/International\/wp-json\/wp\/v2\/tags?post=50277"}],"curies":[{"name":"wp","href":"https:\/\/api.w.org\/{rel}","templated":true}]}}