{"id":50279,"date":"2019-08-05T10:14:30","date_gmt":"2019-08-05T14:14:30","guid":{"rendered":"https:\/\/linitiative.ca\/International\/oncf-plan-special-a-loccasion-daid-al-adha\/"},"modified":"2019-08-05T10:14:30","modified_gmt":"2019-08-05T14:14:30","slug":"oncf-plan-special-a-loccasion-daid-al-adha","status":"publish","type":"post","link":"https:\/\/linitiative.ca\/International\/oncf-plan-special-a-loccasion-daid-al-adha\/","title":{"rendered":"ONCF: Plan sp\u00e9cial \u00e0 l\u2019occasion d\u2019Aid Al-Adha"},"content":{"rendered":"<p class=\"c1\">L\u2019Office national des chemins de fer (ONCF) a annonc\u00e9 lundi la mise en place d\u2019un plan de transport \u00ab\u00a0Sp\u00e9cial Aid Al-Adha\u00a0\u00bb, devant s\u2019\u00e9taler sur la p\u00e9riode allant du vendredi 09 ao\u00fbt au dimanche 25 ao\u00fbt.<\/p>\n<p class=\"c1\">\u00ab\u00a0A l\u2019occasion de l\u2019av\u00e8nement de l\u2019Aid Al-Adha 1440 et en pr\u00e9vision de l\u2019affluence des voyageurs que conna\u00eet habituellement cette p\u00e9riode\u00a0\u00bb, ce plan\u00a0 de transport concerne aussi bien les trains conventionnels que les trains \u00e0 grande vitesse Al Boraq et vise \u00e0 renforcer l\u2019offre pour assurer les d\u00e9placements des voyageurs dans \u00ab\u00a0les meilleures conditions de confort et de s\u00e9curit\u00e9\u00a0\u00bb, a indiqu\u00e9 l\u2019ONCF dans un communiqu\u00e9.<\/p>\n<p class=\"c1\">Ce plan consiste en la programmation de trains suppl\u00e9mentaires pour atteindre 240 trains par jour, l\u2019augmentation du nombre de places \u00e0 bord des trains sur les principaux axes du r\u00e9seau ferroviaire, y compris pour les les trains \u00ab\u00a0Al Boraq\u00a0\u00bb, le renforcement des \u00e9quipes charg\u00e9es de l\u2019accueil et l\u2019orientation des voyageurs dans les gares et \u00e0 bord des trains, ainsi qu\u2019en l\u2019am\u00e9lioration des conditions de voyage par le syst\u00e8me de la r\u00e9servation de places num\u00e9rot\u00e9es \u00e0 bord.<\/p>\n<p class=\"c1\">En vue de profiter pleinement de la f\u00eate d\u2019A\u00efd Al Adha, l\u2019ONCF invite sa client\u00e8le \u00e0 prendre plusieurs dispositions, dont la planification \u00e0 l\u2019avance des voyages, en se procurant tous les renseignements n\u00e9cessaires en temps r\u00e9el sur la situation du trafic, \u00e0 travers les services d\u2019information et d\u2019assistance (centre de relation clients 2255, sites web, r\u00e9seaux sociaux et application mobile ONCF), pr\u00e9cise le communiqu\u00e9.<\/p>\n<p class=\"c1\">L\u2019office invite aussi les clients \u00e0 profiter d\u2019une r\u00e9duction syst\u00e9matique de 10%, en anticipant l\u2019achat des billets au plus tard la veille du d\u00e9part sur le site marchand \u00ab\u00a0www.oncf-voyages.ma\u00a0\u00bb ou directement en gares et \u00e0 voyager au tarif \u00ab\u00a0Yalla\u00a0\u00bb \u00e0 49 dirhams, en achetant les billets le plus t\u00f4t possible et jusqu\u2019\u00e0 la veille du d\u00e9part et en choisissant de voyager dans les p\u00e9riodes de faible affluence sur les trains \u00ab\u00a0Al Atlas\u00a0\u00bb desservant les axes Marrakech-Casa-Rabat-F\u00e8s et Tanger-F\u00e8s-Oujda-Nador et ce, dans la limite des places disponibles.<\/p>\n<p class=\"c1\">L\u2019ONCF appelle \u00e9galement les voyageurs \u00e0 acheter \u00e0 la fois l\u2019aller et le retour pour \u00e9viter les files d\u2019attente devant les guichets et \u00e0 opter pour les diff\u00e9rentes formules des cartes de r\u00e9duction permettant de gagner consid\u00e9rablement sur le budget du voyage (carte jeune, carte s\u00e9niors, carte Attalib).<\/p>\n<p class=\"c1\">Avec le nouveau concept de voyage, la vente des billets pour \u00ab\u00a0Al Boraq\u00a0\u00bb et \u00ab\u00a0Al Atlas\u00a0\u00bb est tributaire de la capacit\u00e9 des places offertes par ces trains soumis \u00e0 la r\u00e9servation obligatoire aussi bien en 1\u00e8re qu\u2019en 2\u00e8me classes, a relev\u00e9 la m\u00eame source.<\/p>\n<p class=\"c1\">Tout train dont l\u2019occupation atteindra les 100% sera ferm\u00e9 \u00e0 la vente et le client sera orient\u00e9 \u00e0 changer d\u2019horaire ou de date de voyage.<\/p>\n<p>Auteur: Soufiane ELAHMAR<br \/>\n<a href=\"http:\/\/www.mapoujda.ma\/fr\/oncf-plan-special-a-loccasion-daid-al-adha\/\">Cliquez ici pour lire l&rsquo;article depuis sa source.<\/a><\/p>\n","protected":false},"excerpt":{"rendered":"<p>L\u2019Office national des chemins de fer (ONCF) a annonc\u00e9 lundi la mise en place d\u2019un plan de transport \u00ab\u00a0Sp\u00e9cial Aid Al-Adha\u00a0\u00bb, devant s\u2019\u00e9taler sur la p\u00e9riode allant du vendredi 09 ao\u00fbt au dimanche 25 ao\u00fbt. \u00ab\u00a0A l\u2019occasion de l\u2019av\u00e8nement de l\u2019Aid Al-Adha 1440 et en pr\u00e9vision de l\u2019affluence des voyageurs que conna\u00eet habituellement cette p\u00e9riode\u00a0\u00bb, [&hellip;]<\/p>\n","protected":false},"author":1788,"featured_media":0,"comment_status":"closed","ping_status":"closed","sticky":false,"template":"","format":"standard","meta":{"fifu_image_url":"","fifu_image_alt":"","footnotes":""},"categories":[54,76],"tags":[],"class_list":["post-50279","post","type-post","status-publish","format-standard","hentry","category-maroc","category-regions"],"_links":{"self":[{"href":"https:\/\/linitiative.ca\/International\/wp-json\/wp\/v2\/posts\/50279","targetHints":{"allow":["GET"]}}],"collection":[{"href":"https:\/\/linitiative.ca\/International\/wp-json\/wp\/v2\/posts"}],"about":[{"href":"https:\/\/linitiative.ca\/International\/wp-json\/wp\/v2\/types\/post"}],"author":[{"embeddable":true,"href":"https:\/\/linitiative.ca\/International\/wp-json\/wp\/v2\/users\/1788"}],"replies":[{"embeddable":true,"href":"https:\/\/linitiative.ca\/International\/wp-json\/wp\/v2\/comments?post=50279"}],"version-history":[{"count":0,"href":"https:\/\/linitiative.ca\/International\/wp-json\/wp\/v2\/posts\/50279\/revisions"}],"wp:attachment":[{"href":"https:\/\/linitiative.ca\/International\/wp-json\/wp\/v2\/media?parent=50279"}],"wp:term":[{"taxonomy":"category","embeddable":true,"href":"https:\/\/linitiative.ca\/International\/wp-json\/wp\/v2\/categories?post=50279"},{"taxonomy":"post_tag","embeddable":true,"href":"https:\/\/linitiative.ca\/International\/wp-json\/wp\/v2\/tags?post=50279"}],"curies":[{"name":"wp","href":"https:\/\/api.w.org\/{rel}","templated":true}]}}