{"id":50282,"date":"2019-08-05T05:20:00","date_gmt":"2019-08-05T09:20:00","guid":{"rendered":"https:\/\/linitiative.ca\/International\/sicpa-et-medtech-ensemble-pour-renforcer-le-controle-de-ladii\/"},"modified":"2019-08-05T05:20:00","modified_gmt":"2019-08-05T09:20:00","slug":"sicpa-et-medtech-ensemble-pour-renforcer-le-controle-de-ladii","status":"publish","type":"post","link":"https:\/\/linitiative.ca\/International\/sicpa-et-medtech-ensemble-pour-renforcer-le-controle-de-ladii\/","title":{"rendered":"Sicpa et Medtech ensemble pour renforcer le contr\u00f4le de l\u2019ADII"},"content":{"rendered":"<p class=\"rtejustify\">Said Rkaibi, pr\u00e9sident de Medtech et Eric Besson, pr\u00e9sident de Sicpa Maroc confirment l\u2019accord formalis\u00e9 r\u00e9cemment entre les deux soci\u00e9t\u00e9s. L\u2019objectif est de r\u00e9pondre aux besoins de l\u2019ADII en mati\u00e8re de contr\u00f4le des taxes accises. Le partenariat pr\u00e9voit aussi le d\u00e9veloppement des nouveaux produits et services pour le march\u00e9 marocain comme pour la r\u00e9gion de l\u2019Afrique de l\u2019ouest. Un centre d\u2019excellence bas\u00e9 \u00e0 Casablanca est \u00e9galement au programme. Sur un autre registre, Madras, Inexto, De La Rue et SICPA ont d\u00e9pos\u00e9 le 1e ao\u00fbt leurs offres en r\u00e9ponse \u00e0 l\u2019appel \u00e0 concurrence \u00e9mis par l\u2019ADII. Apr\u00e8s v\u00e9rification des dossiers, des r\u00e9serves ont \u00e9t\u00e9 adress\u00e9es \u00e0 certains op\u00e9rateurs qui ont jusqu\u2019au 8 ao\u00fbt pour y r\u00e9pondre. La r\u00e9ponse d\u00e9finitive pourra prendre plusieurs semaines possiblement jusqu\u2019\u00e0 fin septembre. Le nouveau contrat prendra effet au 1er janvier 2020.<\/p>\n<p class=\"rtejustify\"><em>M.A.B.<\/em><\/p>\n<p class=\"rtejustify\">\u00a0<\/p>\n<p>Auteur: hlafriqi<br \/>\n<a href=\"https:\/\/www.leconomiste.com\/article\/1048588-sicpa-et-medtech-ensemble-pour-renforcer-le-controle-de-l-adii\">Cliquez ici pour lire l&rsquo;article depuis sa source.<\/a><\/p>\n","protected":false},"excerpt":{"rendered":"<p>Said Rkaibi, pr\u00e9sident de Medtech et Eric Besson, pr\u00e9sident de Sicpa Maroc confirment l\u2019accord formalis\u00e9 r\u00e9cemment entre les deux soci\u00e9t\u00e9s. L\u2019objectif est de r\u00e9pondre aux besoins de l\u2019ADII en mati\u00e8re de contr\u00f4le des taxes accises. Le partenariat pr\u00e9voit aussi le d\u00e9veloppement des nouveaux produits et services pour le march\u00e9 marocain comme pour la r\u00e9gion de [&hellip;]<\/p>\n","protected":false},"author":1763,"featured_media":0,"comment_status":"closed","ping_status":"closed","sticky":false,"template":"","format":"standard","meta":{"fifu_image_url":"","fifu_image_alt":"","footnotes":""},"categories":[78,54],"tags":[],"class_list":["post-50282","post","type-post","status-publish","format-standard","hentry","category-economie","category-maroc"],"_links":{"self":[{"href":"https:\/\/linitiative.ca\/International\/wp-json\/wp\/v2\/posts\/50282","targetHints":{"allow":["GET"]}}],"collection":[{"href":"https:\/\/linitiative.ca\/International\/wp-json\/wp\/v2\/posts"}],"about":[{"href":"https:\/\/linitiative.ca\/International\/wp-json\/wp\/v2\/types\/post"}],"author":[{"embeddable":true,"href":"https:\/\/linitiative.ca\/International\/wp-json\/wp\/v2\/users\/1763"}],"replies":[{"embeddable":true,"href":"https:\/\/linitiative.ca\/International\/wp-json\/wp\/v2\/comments?post=50282"}],"version-history":[{"count":0,"href":"https:\/\/linitiative.ca\/International\/wp-json\/wp\/v2\/posts\/50282\/revisions"}],"wp:attachment":[{"href":"https:\/\/linitiative.ca\/International\/wp-json\/wp\/v2\/media?parent=50282"}],"wp:term":[{"taxonomy":"category","embeddable":true,"href":"https:\/\/linitiative.ca\/International\/wp-json\/wp\/v2\/categories?post=50282"},{"taxonomy":"post_tag","embeddable":true,"href":"https:\/\/linitiative.ca\/International\/wp-json\/wp\/v2\/tags?post=50282"}],"curies":[{"name":"wp","href":"https:\/\/api.w.org\/{rel}","templated":true}]}}