{"id":50328,"date":"2019-08-05T10:00:51","date_gmt":"2019-08-05T14:00:51","guid":{"rendered":"https:\/\/linitiative.ca\/International\/92905-jeux-africains-2019-les-federations-sportives-doivent-honorer-leurs-engagements\/"},"modified":"2019-08-05T10:00:51","modified_gmt":"2019-08-05T14:00:51","slug":"92905-jeux-africains-2019-les-federations-sportives-doivent-honorer-leurs-engagements","status":"publish","type":"post","link":"https:\/\/linitiative.ca\/International\/92905-jeux-africains-2019-les-federations-sportives-doivent-honorer-leurs-engagements\/","title":{"rendered":"Jeux africains-2019 : \u00ab\u00a0Les f\u00e9d\u00e9rations sportives doivent honorer leurs engagements\u00a0\u00bb"},"content":{"rendered":"<div>\n<div class=\"K2FeedImage\"><img decoding=\"async\" src=\"http:\/\/www.aps.dz\/media\/k2\/items\/cache\/606b6d3697f79edc1fed976e98d03074_S.jpg\" alt=\"Jeux africains-2019 : \" les f sportives doivent honorer leurs engagements><\/div>\n<div class=\"K2FeedIntroText\">\n<p><strong>ALGER &#8211; Le ministre de la Jeunesse et des Sports, Salim Raouf Bernaoui, a indiqu\u00e9 lundi \u00e0 Alger que les objectifs techniques des athl\u00e8tes alg\u00e9riens devant prendre part aux Jeux africains-2019 (JA-2019), pr\u00e9vus du 19 au 31 ao\u00fbt au Maroc, sont du ressort des F\u00e9d\u00e9rations sportives concern\u00e9es \u00ab\u00a0qui doivent honorer leurs engagements\u00a0\u00bb.<\/strong><\/p>\n<\/div>\n<div class=\"K2FeedFullText\">\n<p>\u00ab\u00a0Nous avons confirm\u00e9 \u00e0 plusieurs reprises que l&rsquo;\u00e8re de l&rsquo;ing\u00e9rence dans les affaires internes des F\u00e9d\u00e9rations sportives est compl\u00e8tement r\u00e9volue, mais les pouvoirs publics gardent toujours un droit de regard et de contr\u00f4le des instances sportives en tant que pourvoyeur de fonds. Les F\u00e9d\u00e9rations sportives doivent honorer leurs engagements lors des Jeux africains\u00a0\u00bb, a d\u00e9clar\u00e9 Bernaoui lors d&rsquo;une conf\u00e9rence de presse, en pr\u00e9sence du chef de mission \u00e0 Rabat, Nabil Sadi et du directeur g\u00e9n\u00e9ral des Sports au minist\u00e8re, Nadir Belayat.<\/p>\n<p>L&rsquo;Alg\u00e9rie participera aux Jeux africains de Rabat avec 255 athl\u00e8tes dont 113 filles repr\u00e9sentant 23 disciplines.<\/p>\n<p>Le premier responsable du sport alg\u00e9rien est rest\u00e9 tr\u00e8s prudent par rapport aux chances de m\u00e9dailles des athl\u00e8tes alg\u00e9riens devant prendre part au rendez-vous marocain, laissant ce volet aux F\u00e9d\u00e9rations sportives qui se sont engag\u00e9es \u00ab\u00a0par \u00e9crit\u00a0\u00bb envers le minist\u00e8re de la Jeunesse et des Sports (MJS).<\/p>\n<p>\u00ab\u00a0Beaucoup de choses ont \u00e9t\u00e9 dites sur les r\u00e9seaux sociaux par rapport au nombre d&rsquo;athl\u00e8tes participant aux JA-2019, comme quoi le MJS a r\u00e9duit le nombre des athl\u00e8tes, ce qui est totalement faux. Le nombre a augment\u00e9 par rapport \u00e0 celui de Brazzaville-2015 o\u00f9 nous avons particip\u00e9 avec 224 athl\u00e8tes. Il faut se fixer des objectifs. On ne peut pas participer pour faire de la figuration. Nous avons juste demand\u00e9 aux f\u00e9d\u00e9rations de signer un engagement et c&rsquo;est le cas par exemple de la f\u00e9d\u00e9ration de handball qui s&rsquo;est engag\u00e9e \u00e0 ramener deux m\u00e9dailles de bronze\u00a0\u00bb, a-t-il expliqu\u00e9.<\/p>\n<hr>\n<p><em><strong>Lire aussi:\u00a0\u00a0<a href=\"http:\/\/www.aps.dz\/sport\/69670-jeux-africains-2019-signature-jeudi-a-addis-abeba-d-un-accord-entre-l-acnoa-l-ua-et-l-ucsa\"><span class=\"highlight\">Jeux<\/span>\u00a0<span class=\"highlight\">africains-2019<\/span>: signature jeudi \u00e0 Addis-Abeba d&rsquo;un accord entre l&rsquo;ACNOA, l&rsquo;UA et l&rsquo;UCSA<\/a><\/strong><\/em><\/p>\n<hr>\n<p>Pour le ministre, les pouvoirs publics ont donn\u00e9 tous les moyens de pr\u00e9paration logistique et financier pour permettre aux athl\u00e8tes alg\u00e9riens d&rsquo;\u00eatre dans les meilleures conditions possibles \u00e0 Rabat.<\/p>\n<p>Selon les donn\u00e9es pr\u00e9sent\u00e9es par le MJS, les F\u00e9d\u00e9rations sportives ont pronostiqu\u00e9 un total de 137 m\u00e9dailles (29 or, 26 argent et 82 bronze) aux JA-2019.<\/p>\n<p>Lors de la derni\u00e8re \u00e9dition \u00e0 Brazzaville (Congo), l&rsquo;Alg\u00e9rie avait d\u00e9croch\u00e9 114 m\u00e9dailles (40 or,40 argent et 34 bronze).<\/p>\n<p>Le Maroc organisera la 12e \u00e9dition des Jeux africains, consid\u00e9r\u00e9s comme la plus grande manifestation sportive en Afrique, apr\u00e8s le d\u00e9sistement de la Guin\u00e9e \u00e9quatoriale.<\/p>\n<p>Cette manifestation verra la pr\u00e9sence de plus de 6.000 athl\u00e8tes issus de 54 pays africains.<\/p>\n<\/div>\n<p><img loading=\"lazy\" decoding=\"async\" src=\"http:\/\/feeds.feedburner.com\/~r\/aps-sport\/~4\/8uGlqgjMQhQ\" height=\"1\" width=\"1\" alt=\"\"><\/div>\n<p>Auteur:<br \/>\n<a href=\"http:\/\/www.aps.dz\/sport\/92905-jeux-africains-2019-les-federations-sportives-doivent-honorer-leurs-engagements?utm_source=feedburner&#038;utm_medium=feed&#038;utm_campaign=Feed%3A+aps-sport+%28APS+-+SPORT%29\">Cliquez ici pour lire l&rsquo;article depuis sa source.<\/a><\/p>\n","protected":false},"excerpt":{"rendered":"<p>ALGER &#8211; Le ministre de la Jeunesse et des Sports, Salim Raouf Bernaoui, a indiqu\u00e9 lundi \u00e0 Alger que les objectifs techniques des athl\u00e8tes alg\u00e9riens devant prendre part aux Jeux africains-2019 (JA-2019), pr\u00e9vus du 19 au 31 ao\u00fbt au Maroc, sont du ressort des F\u00e9d\u00e9rations sportives concern\u00e9es \u00ab\u00a0qui doivent honorer leurs engagements\u00a0\u00bb. \u00ab\u00a0Nous avons confirm\u00e9 [&hellip;]<\/p>\n","protected":false},"author":1790,"featured_media":50329,"comment_status":"closed","ping_status":"closed","sticky":false,"template":"","format":"standard","meta":{"fifu_image_url":"","fifu_image_alt":"","footnotes":""},"categories":[53,75],"tags":[],"class_list":["post-50328","post","type-post","status-publish","format-standard","has-post-thumbnail","hentry","category-algerie","category-sport"],"_links":{"self":[{"href":"https:\/\/linitiative.ca\/International\/wp-json\/wp\/v2\/posts\/50328","targetHints":{"allow":["GET"]}}],"collection":[{"href":"https:\/\/linitiative.ca\/International\/wp-json\/wp\/v2\/posts"}],"about":[{"href":"https:\/\/linitiative.ca\/International\/wp-json\/wp\/v2\/types\/post"}],"author":[{"embeddable":true,"href":"https:\/\/linitiative.ca\/International\/wp-json\/wp\/v2\/users\/1790"}],"replies":[{"embeddable":true,"href":"https:\/\/linitiative.ca\/International\/wp-json\/wp\/v2\/comments?post=50328"}],"version-history":[{"count":0,"href":"https:\/\/linitiative.ca\/International\/wp-json\/wp\/v2\/posts\/50328\/revisions"}],"wp:featuredmedia":[{"embeddable":true,"href":"https:\/\/linitiative.ca\/International\/wp-json\/"}],"wp:attachment":[{"href":"https:\/\/linitiative.ca\/International\/wp-json\/wp\/v2\/media?parent=50328"}],"wp:term":[{"taxonomy":"category","embeddable":true,"href":"https:\/\/linitiative.ca\/International\/wp-json\/wp\/v2\/categories?post=50328"},{"taxonomy":"post_tag","embeddable":true,"href":"https:\/\/linitiative.ca\/International\/wp-json\/wp\/v2\/tags?post=50328"}],"curies":[{"name":"wp","href":"https:\/\/api.w.org\/{rel}","templated":true}]}}