{"id":50345,"date":"2019-08-05T15:18:00","date_gmt":"2019-08-05T19:18:00","guid":{"rendered":"https:\/\/linitiative.ca\/International\/reforme-du-bac-un-projet-devant-les-deputes-a-la-rentree-parlementaire\/"},"modified":"2019-08-05T15:18:00","modified_gmt":"2019-08-05T19:18:00","slug":"reforme-du-bac-un-projet-devant-les-deputes-a-la-rentree-parlementaire","status":"publish","type":"post","link":"https:\/\/linitiative.ca\/International\/reforme-du-bac-un-projet-devant-les-deputes-a-la-rentree-parlementaire\/","title":{"rendered":"REFORME DU BAC : Un projet devant les d\u00e9put\u00e9s  \u00e0 la rentr\u00e9e parlementaire"},"content":{"rendered":"<p><br id=\"sep_para_1\" class=\"sep_para access\"\/><\/p>\n<div id=\"para_1\" class=\"para_32441481 resize\">\n<div class=\"texte access firstletter\">Le projet de r\u00e9forme du baccalaur\u00e9at,\u00a0 port\u00e9 depuis plusieurs ann\u00e9es par l\u2019ex-ministre de l\u2019Education, Nouria Benghabrit, sans y parvenir, \u00e0 cause de multiples blocages qui sont le fait de lobby conservateur, va-t-il enfin sortir des tiroirs. Selon le site El Bilad, qui cite une source du minist\u00e8re de l\u2019Education, le projet est fin pr\u00eat et sera bien\u00a0 pr\u00e9sent\u00e9 par le ministre de l\u2019Education, \u00e0 l\u2019occasion de la rentr\u00e9e parlementaire, en septembre. Expurg\u00e9 de la \u00ab touche \u00bb de l\u2019ancienne ministre, le projet n\u2019en garde pas moins les grandes lignes de r\u00e9formes, telle que recommand\u00e9es lors des multiples conf\u00e9rences acad\u00e9miques consacr\u00e9es aux dossiers. Selon El Bilad, le nombre de jours d\u2019examen, actuellement de cinq, sera ramen\u00e9 \u00e0 trois et demie seulement, gr\u00e2ce \u00e0 la nouvelle articulation de l\u2019examen qui se d\u00e9roulera en deux temps.\u00a0 En effet, il y\u2019aura une premi\u00e8re partie du bac qui se d\u00e9roulera \u00e0 la fin de la deuxi\u00e8me ann\u00e9e secondaire pour permettre d\u2019examiner les candidats dans les mati\u00e8res dites secondaires. La deuxi\u00e8me partie du bac, qui aura lieu au bout de la troisi\u00e8me ann\u00e9e secondaire portera sur les mati\u00e8res \u00e0 haut coefficient, dite \u00ab mati\u00e8res essentielles \u00bb dans les diff\u00e9rentes fili\u00e8res.\u00a0 Les mati\u00e8res dites \u00ab identitaires, \u00e0 savoir l\u2019Histoire, l\u2019\u00e9ducation islamique ainsi que la langue arabe, qui ont longtemps cristallis\u00e9 une pol\u00e9mique, garderont le statut de mati\u00e8res essentielles et figureront \u00e0 l\u2019examen, final en troisi\u00e8me ann\u00e9e secondaire.\u00a0\u00a0<\/div>\n<\/div>\n<p>Auteur: Nadine<br \/>\n<a href=\"https:\/\/www.reflexiondz.net\/REFORME-DU-BAC-Un-projet-devant-les-deputes-a-la-rentree-parlementaire_a57012.html\">Cliquez ici pour lire l&rsquo;article depuis sa source.<\/a><\/p>\n","protected":false},"excerpt":{"rendered":"<p>Le projet de r\u00e9forme du baccalaur\u00e9at,\u00a0 port\u00e9 depuis plusieurs ann\u00e9es par l\u2019ex-ministre de l\u2019Education, Nouria Benghabrit, sans y parvenir, \u00e0 cause de multiples blocages qui sont le fait de lobby conservateur, va-t-il enfin sortir des tiroirs. Selon le site El Bilad, qui cite une source du minist\u00e8re de l\u2019Education, le projet est fin pr\u00eat et [&hellip;]<\/p>\n","protected":false},"author":1740,"featured_media":0,"comment_status":"closed","ping_status":"closed","sticky":false,"template":"","format":"standard","meta":{"fifu_image_url":"","fifu_image_alt":"","footnotes":""},"categories":[53,76],"tags":[],"class_list":["post-50345","post","type-post","status-publish","format-standard","hentry","category-algerie","category-regions"],"_links":{"self":[{"href":"https:\/\/linitiative.ca\/International\/wp-json\/wp\/v2\/posts\/50345","targetHints":{"allow":["GET"]}}],"collection":[{"href":"https:\/\/linitiative.ca\/International\/wp-json\/wp\/v2\/posts"}],"about":[{"href":"https:\/\/linitiative.ca\/International\/wp-json\/wp\/v2\/types\/post"}],"author":[{"embeddable":true,"href":"https:\/\/linitiative.ca\/International\/wp-json\/wp\/v2\/users\/1740"}],"replies":[{"embeddable":true,"href":"https:\/\/linitiative.ca\/International\/wp-json\/wp\/v2\/comments?post=50345"}],"version-history":[{"count":0,"href":"https:\/\/linitiative.ca\/International\/wp-json\/wp\/v2\/posts\/50345\/revisions"}],"wp:attachment":[{"href":"https:\/\/linitiative.ca\/International\/wp-json\/wp\/v2\/media?parent=50345"}],"wp:term":[{"taxonomy":"category","embeddable":true,"href":"https:\/\/linitiative.ca\/International\/wp-json\/wp\/v2\/categories?post=50345"},{"taxonomy":"post_tag","embeddable":true,"href":"https:\/\/linitiative.ca\/International\/wp-json\/wp\/v2\/tags?post=50345"}],"curies":[{"name":"wp","href":"https:\/\/api.w.org\/{rel}","templated":true}]}}