{"id":50347,"date":"2019-08-05T15:18:00","date_gmt":"2019-08-05T19:18:00","guid":{"rendered":"https:\/\/linitiative.ca\/International\/logement-aadl-1-lagence-avertit-les-beneficiaires-retardataires\/"},"modified":"2019-08-05T15:18:00","modified_gmt":"2019-08-05T19:18:00","slug":"logement-aadl-1-lagence-avertit-les-beneficiaires-retardataires","status":"publish","type":"post","link":"https:\/\/linitiative.ca\/International\/logement-aadl-1-lagence-avertit-les-beneficiaires-retardataires\/","title":{"rendered":"LOGEMENT AADL 1 : L\u2019agence avertit les b\u00e9n\u00e9ficiaires retardataires"},"content":{"rendered":"<p><br id=\"sep_para_1\" class=\"sep_para access\"\/><\/p>\n<div id=\"para_1\" class=\"para_32441416 resize\">\n<div class=\"texte access firstletter\">L\u2019Agence nationale de l\u2019am\u00e9lioration et du d\u00e9veloppement du logement (AADL) a averti les b\u00e9n\u00e9ficiaires de logements du programme AADL1, n\u2019ayant pas, \u00e0 ce jour, proc\u00e9d\u00e9 au retrait des cl\u00e9s de leurs appartements, de l\u2019annulation, sans pr\u00e9avis, de leur d\u00e9cision d\u2019affectation, avec leur affectation \u00e0 un programme futur, dans le cas o\u00f9 ces derniers ne prennent pas possession des cl\u00e9s de leurs logements dans un d\u00e9lai de 15 jours. L\u2019AADL semble ne pas se soucier du fait que ce d\u00e9lai, impos\u00e9, intervient en pleine p\u00e9riode de vacances (ao\u00fbt), mais surtout oublie que ces b\u00e9n\u00e9ficiaires, en plus d\u2019avoir pay\u00e9 le quart du prix du logement, attendent sa livraison depuis plus de 17 ann\u00e9es.<\/div>\n<\/div>\n<p>Auteur: Nadine<br \/>\n<a href=\"https:\/\/www.reflexiondz.net\/LOGEMENT-AADL-1-L-agence-avertit-les-beneficiaires-retardataires_a57007.html\">Cliquez ici pour lire l&rsquo;article depuis sa source.<\/a><\/p>\n","protected":false},"excerpt":{"rendered":"<p>L\u2019Agence nationale de l\u2019am\u00e9lioration et du d\u00e9veloppement du logement (AADL) a averti les b\u00e9n\u00e9ficiaires de logements du programme AADL1, n\u2019ayant pas, \u00e0 ce jour, proc\u00e9d\u00e9 au retrait des cl\u00e9s de leurs appartements, de l\u2019annulation, sans pr\u00e9avis, de leur d\u00e9cision d\u2019affectation, avec leur affectation \u00e0 un programme futur, dans le cas o\u00f9 ces derniers ne prennent [&hellip;]<\/p>\n","protected":false},"author":1740,"featured_media":0,"comment_status":"closed","ping_status":"closed","sticky":false,"template":"","format":"standard","meta":{"fifu_image_url":"","fifu_image_alt":"","footnotes":""},"categories":[53,76],"tags":[],"class_list":["post-50347","post","type-post","status-publish","format-standard","hentry","category-algerie","category-regions"],"_links":{"self":[{"href":"https:\/\/linitiative.ca\/International\/wp-json\/wp\/v2\/posts\/50347","targetHints":{"allow":["GET"]}}],"collection":[{"href":"https:\/\/linitiative.ca\/International\/wp-json\/wp\/v2\/posts"}],"about":[{"href":"https:\/\/linitiative.ca\/International\/wp-json\/wp\/v2\/types\/post"}],"author":[{"embeddable":true,"href":"https:\/\/linitiative.ca\/International\/wp-json\/wp\/v2\/users\/1740"}],"replies":[{"embeddable":true,"href":"https:\/\/linitiative.ca\/International\/wp-json\/wp\/v2\/comments?post=50347"}],"version-history":[{"count":0,"href":"https:\/\/linitiative.ca\/International\/wp-json\/wp\/v2\/posts\/50347\/revisions"}],"wp:attachment":[{"href":"https:\/\/linitiative.ca\/International\/wp-json\/wp\/v2\/media?parent=50347"}],"wp:term":[{"taxonomy":"category","embeddable":true,"href":"https:\/\/linitiative.ca\/International\/wp-json\/wp\/v2\/categories?post=50347"},{"taxonomy":"post_tag","embeddable":true,"href":"https:\/\/linitiative.ca\/International\/wp-json\/wp\/v2\/tags?post=50347"}],"curies":[{"name":"wp","href":"https:\/\/api.w.org\/{rel}","templated":true}]}}