{"id":50376,"date":"2019-08-05T09:30:48","date_gmt":"2019-08-05T13:30:48","guid":{"rendered":"https:\/\/linitiative.ca\/International\/13-octobre-2000-modernisation-et-simplification-du-systeme-fiscal\/"},"modified":"2019-08-05T09:30:48","modified_gmt":"2019-08-05T13:30:48","slug":"13-octobre-2000-modernisation-et-simplification-du-systeme-fiscal","status":"publish","type":"post","link":"https:\/\/linitiative.ca\/International\/13-octobre-2000-modernisation-et-simplification-du-systeme-fiscal\/","title":{"rendered":"13 Octobre 2000 : Modernisation et simplification du syst\u00e8me fiscal"},"content":{"rendered":"<p>Le Souverain d\u00e9cide en octobre 2000 de faire \u00ab\u2009\u00e9laborer une <strong>r\u00e9forme de la fiscalit\u00e9<\/strong> bas\u00e9e sur la transparence, la simplification et la rationalit\u00e9 ainsi que la r\u00e9vision de la fiscalit\u00e9 locale\u2009\u00bb. Depuis, les autorit\u00e9s concern\u00e9es se sont engag\u00e9es dans un processus de simplification du <strong>syst\u00e8me fiscal<\/strong>, de baisse des tarifs, d\u2019\u00e9largissement de l\u2019assiette fiscale et de modernisation de l\u2019<strong>administration fiscale<\/strong>.<\/p>\n<div class=\"c10\"\/>\n<p><strong>Un Hors-s\u00e9rie exceptionnel du magazine Challenge \u00ab\u00a0Les 20 ans qui ont fond\u00e9 le Maroc de demain\u00a0\u00bb est en vente en kiosque.<\/strong><\/p>\n<p><img decoding=\"async\" src=\"https:\/\/www.challenge.ma\/wp-content\/uploads\/2019\/07\/Challenge-707-hors-serie-750x989-1.jpg\" alt=\"\" class=\"wp-image-114195\" srcset=\"https:\/\/www.challenge.ma\/wp-content\/uploads\/2019\/07\/Challenge-707-hors-serie-750x989-1.jpg 750w, https:\/\/www.challenge.ma\/wp-content\/uploads\/2019\/07\/Challenge-707-hors-serie-750x989-1-228x300.jpg 228w, https:\/\/www.challenge.ma\/wp-content\/uploads\/2019\/07\/Challenge-707-hors-serie-750x989-1-360x475.jpg 360w\" sizes=\"(max-width: 750px) 100vw, 750px\"\/><\/p>\n<div class=\"c17\">\n<fieldset class=\"c16\">\n<legend><strong><span class=\"c11\">Challenge<\/span><span class=\"c12\">news<\/span><\/strong><\/legend>\n<div class=\"c15\">Le meilleur de la r\u00e9daction s\u00e9lectionn\u00e9 par Challenge :<\/p>\n<\/div>\n<\/fieldset>\n<\/div>\n<p>Auteur: challenge<br \/>\n<a href=\"https:\/\/www.challenge.ma\/13-octobre-2000-modernisation-et-simplification-du-systeme-fiscal-114543\/\">Cliquez ici pour lire l&rsquo;article depuis sa source.<\/a><\/p>\n","protected":false},"excerpt":{"rendered":"<p>Le Souverain d\u00e9cide en octobre 2000 de faire \u00ab\u2009\u00e9laborer une r\u00e9forme de la fiscalit\u00e9 bas\u00e9e sur la transparence, la simplification et la rationalit\u00e9 ainsi que la r\u00e9vision de la fiscalit\u00e9 locale\u2009\u00bb. Depuis, les autorit\u00e9s concern\u00e9es se sont engag\u00e9es dans un processus de simplification du syst\u00e8me fiscal, de baisse des tarifs, d\u2019\u00e9largissement de l\u2019assiette fiscale et [&hellip;]<\/p>\n","protected":false},"author":1787,"featured_media":50377,"comment_status":"closed","ping_status":"closed","sticky":false,"template":"","format":"standard","meta":{"fifu_image_url":"","fifu_image_alt":"","footnotes":""},"categories":[78,54],"tags":[],"class_list":["post-50376","post","type-post","status-publish","format-standard","has-post-thumbnail","hentry","category-economie","category-maroc"],"_links":{"self":[{"href":"https:\/\/linitiative.ca\/International\/wp-json\/wp\/v2\/posts\/50376","targetHints":{"allow":["GET"]}}],"collection":[{"href":"https:\/\/linitiative.ca\/International\/wp-json\/wp\/v2\/posts"}],"about":[{"href":"https:\/\/linitiative.ca\/International\/wp-json\/wp\/v2\/types\/post"}],"author":[{"embeddable":true,"href":"https:\/\/linitiative.ca\/International\/wp-json\/wp\/v2\/users\/1787"}],"replies":[{"embeddable":true,"href":"https:\/\/linitiative.ca\/International\/wp-json\/wp\/v2\/comments?post=50376"}],"version-history":[{"count":0,"href":"https:\/\/linitiative.ca\/International\/wp-json\/wp\/v2\/posts\/50376\/revisions"}],"wp:featuredmedia":[{"embeddable":true,"href":"https:\/\/linitiative.ca\/International\/wp-json\/"}],"wp:attachment":[{"href":"https:\/\/linitiative.ca\/International\/wp-json\/wp\/v2\/media?parent=50376"}],"wp:term":[{"taxonomy":"category","embeddable":true,"href":"https:\/\/linitiative.ca\/International\/wp-json\/wp\/v2\/categories?post=50376"},{"taxonomy":"post_tag","embeddable":true,"href":"https:\/\/linitiative.ca\/International\/wp-json\/wp\/v2\/tags?post=50376"}],"curies":[{"name":"wp","href":"https:\/\/api.w.org\/{rel}","templated":true}]}}