{"id":50380,"date":"2019-08-05T10:03:59","date_gmt":"2019-08-05T14:03:59","guid":{"rendered":"https:\/\/linitiative.ca\/International\/tremie-de-ghandi-le-carrefour-est-ouvert-a-la-circulation\/"},"modified":"2019-08-05T10:03:59","modified_gmt":"2019-08-05T14:03:59","slug":"tremie-de-ghandi-le-carrefour-est-ouvert-a-la-circulation","status":"publish","type":"post","link":"https:\/\/linitiative.ca\/International\/tremie-de-ghandi-le-carrefour-est-ouvert-a-la-circulation\/","title":{"rendered":"Tr\u00e9mie de Ghandi : le carrefour est ouvert \u00e0 la circulation"},"content":{"rendered":"<p><strong>Les travaux de r\u00e9alisation du pont de sout\u00e8nement sous la plateforme de la deuxi\u00e8me ligne de tramway, qui permettra ult\u00e9rieurement de creuser un passage souterrain au niveau du carrefour Boulevard Ghandi\/Route d\u2019El Jadida, se sont achev\u00e9s aujourd\u2019hui.<\/strong><\/p>\n<div class=\"c10\"\/>\n<p>Bonne nouvelle pour les utilisateurs du <strong>tramway de Casablanca<\/strong>. Les 9 stations de la ligne T2 du tramway,\u00a0ferm\u00e9es depuis le 20 juillet\u00a0pour la r\u00e9alisation de l\u2019ouvrage sous tramway, sont \u00e0 pr\u00e9sent op\u00e9rationnelles.\u00a0Comme indiqu\u00e9 par la soci\u00e9t\u00e9 qui g\u00e8re le r\u00e9seau du tramway de Casablanca il y a quelques jours, \u201cles Casablancais pourront reprendre leurs d\u00e9placements habituels et notamment, aller \u00e0 nouveau \u00e0 la plage en tramway d\u00e8s lundi 5 ao\u00fbt prochain\u201d.<\/p>\n<p><img decoding=\"async\" src=\"https:\/\/www.challenge.ma\/wp-content\/uploads\/2019\/08\/67731042_641555619685630_845499681273282560_n.jpg\" alt=\"\" class=\"wp-image-114911\" srcset=\"https:\/\/www.challenge.ma\/wp-content\/uploads\/2019\/08\/67731042_641555619685630_845499681273282560_n.jpg 720w, https:\/\/www.challenge.ma\/wp-content\/uploads\/2019\/08\/67731042_641555619685630_845499681273282560_n-300x169.jpg 300w, https:\/\/www.challenge.ma\/wp-content\/uploads\/2019\/08\/67731042_641555619685630_845499681273282560_n-360x203.jpg 360w\" sizes=\"(max-width: 720px) 100vw, 720px\"\/>Photo du Carrefour Ghandi prise le 05 ao\u00fbt 2019.<\/p>\n<p>Afin d\u2019am\u00e9liorer les conditions de circulation dans la zone <strong>Ghandi<\/strong>, la nouvelle tr\u00e9mie de 2\u00d72 voies sur une longueur de 460 m\u00e8tres est construite dans le sens Route des Facult\u00e9s\/Boulevard Brahim Roudani, sous le carrefour Ghandi. Selon <strong>Casa Transports<\/strong>, la mise en service pr\u00e9visionnelle de l\u2019ouvrage tr\u00e9mie est planifi\u00e9e \u00e0 fin f\u00e9vrier 2020.\u00a0L\u2019ach\u00e8vement du projet est pr\u00e9vu en\u00a0juin 2020.<\/p>\n<div class=\"c17\">\n<fieldset class=\"c16\">\n<legend><strong><span class=\"c11\">Challenge<\/span><span class=\"c12\">news<\/span><\/strong><\/legend>\n<div class=\"c15\">Le meilleur de la r\u00e9daction s\u00e9lectionn\u00e9 par Challenge :<\/p>\n<\/div>\n<\/fieldset>\n<\/div>\n<p>Auteur: Hajar DARI<br \/>\n<a href=\"https:\/\/www.challenge.ma\/tremie-de-ghandi-le-carrefour-est-ouvert-a-la-circulation-114909\/\">Cliquez ici pour lire l&rsquo;article depuis sa source.<\/a><\/p>\n","protected":false},"excerpt":{"rendered":"<p>Les travaux de r\u00e9alisation du pont de sout\u00e8nement sous la plateforme de la deuxi\u00e8me ligne de tramway, qui permettra ult\u00e9rieurement de creuser un passage souterrain au niveau du carrefour Boulevard Ghandi\/Route d\u2019El Jadida, se sont achev\u00e9s aujourd\u2019hui. Bonne nouvelle pour les utilisateurs du tramway de Casablanca. Les 9 stations de la ligne T2 du tramway,\u00a0ferm\u00e9es [&hellip;]<\/p>\n","protected":false},"author":1787,"featured_media":50381,"comment_status":"closed","ping_status":"closed","sticky":false,"template":"","format":"standard","meta":{"fifu_image_url":"","fifu_image_alt":"","footnotes":""},"categories":[78,54],"tags":[],"class_list":["post-50380","post","type-post","status-publish","format-standard","has-post-thumbnail","hentry","category-economie","category-maroc"],"_links":{"self":[{"href":"https:\/\/linitiative.ca\/International\/wp-json\/wp\/v2\/posts\/50380","targetHints":{"allow":["GET"]}}],"collection":[{"href":"https:\/\/linitiative.ca\/International\/wp-json\/wp\/v2\/posts"}],"about":[{"href":"https:\/\/linitiative.ca\/International\/wp-json\/wp\/v2\/types\/post"}],"author":[{"embeddable":true,"href":"https:\/\/linitiative.ca\/International\/wp-json\/wp\/v2\/users\/1787"}],"replies":[{"embeddable":true,"href":"https:\/\/linitiative.ca\/International\/wp-json\/wp\/v2\/comments?post=50380"}],"version-history":[{"count":0,"href":"https:\/\/linitiative.ca\/International\/wp-json\/wp\/v2\/posts\/50380\/revisions"}],"wp:featuredmedia":[{"embeddable":true,"href":"https:\/\/linitiative.ca\/International\/wp-json\/"}],"wp:attachment":[{"href":"https:\/\/linitiative.ca\/International\/wp-json\/wp\/v2\/media?parent=50380"}],"wp:term":[{"taxonomy":"category","embeddable":true,"href":"https:\/\/linitiative.ca\/International\/wp-json\/wp\/v2\/categories?post=50380"},{"taxonomy":"post_tag","embeddable":true,"href":"https:\/\/linitiative.ca\/International\/wp-json\/wp\/v2\/tags?post=50380"}],"curies":[{"name":"wp","href":"https:\/\/api.w.org\/{rel}","templated":true}]}}