{"id":50385,"date":"2019-08-05T09:39:24","date_gmt":"2019-08-05T13:39:24","guid":{"rendered":"https:\/\/linitiative.ca\/International\/tunisie-operation-de-djebel-orbata-nouvelles-donnees-sur-les-deux-terroristes-elimines\/"},"modified":"2019-08-05T09:39:24","modified_gmt":"2019-08-05T13:39:24","slug":"tunisie-operation-de-djebel-orbata-nouvelles-donnees-sur-les-deux-terroristes-elimines","status":"publish","type":"post","link":"https:\/\/linitiative.ca\/International\/tunisie-operation-de-djebel-orbata-nouvelles-donnees-sur-les-deux-terroristes-elimines\/","title":{"rendered":"Tunisie: Op\u00e9ration de Djebel Orbata, nouvelles donn\u00e9es sur les deux terroristes \u00e9limin\u00e9s"},"content":{"rendered":"<div class=\"post-cont-in left relative\">\n<div class=\"swp_social_panel swp_horizontal_panel swp_flat_fresh swp_default_full_color swp_individual_full_color swp_other_full_color scale-100 scale-\" data-min-width=\"1100\" data-float-color=\"#ffffff\" data-float=\"none\" data-float-mobile=\"none\" data-transition=\"slide\">\n<div class=\"nc_tweetContainer swp_share_button total_shares total_sharesalt\"><span class=\"swp_count\">49 <span class=\"swp_label\">Partages<\/span><\/span><\/div>\n<\/div>\n<p>Le porte-parole de la Garde nationale, le colonel Hossam Jabbabli, a annonc\u00e9 le transfert des corps de terroristes qui ont \u00e9t\u00e9 \u00e9limin\u00e9s au mont Orbata, dans les laboratoires scientifiques et criminels du minist\u00e8re de l\u2019Int\u00e9rieur, dans le but de d\u00e9terminer leur identit\u00e9.<\/p>\n<p>Le colonel Jabbabli a pr\u00e9cis\u00e9 que la direction du laboratoire scientifique avait effectu\u00e9 tous les tests et comparaisons de la g\u00e9n\u00e9tique d\u00e9cimale et de l\u2019empreinte digitale av\u00e9r\u00e9e dans le registre national, confirmant que les terroristes n\u2019\u00e9taient pas des Tunisiens.<\/p>\n<div class=\"code-block code-block-1 c3\"><ins class=\"adsbygoogle c2\" data-ad-layout=\"in-article\" data-ad-format=\"fluid\" data-ad-client=\"ca-pub-2102118777505746\" data-ad-slot=\"7301775417\"\/> <\/div>\n<div class=\"mvp-org-wrap mvp-org-logo\" itemprop=\"publisher\" itemscope=\"\" itemtype=\"https:\/\/schema.org\/Organization\"><img decoding=\"async\" src=\"https:\/\/www.tunisienumerique.com\/wp-content\/uploads\/2017\/02\/logo_tunisie_numerique.png\"\/><\/div>\n<div class=\"post-tags\"><span class=\"post-tags-header\">Sujets Connexes:<\/span><\/div>\n<div class=\"swp_social_panel swp_horizontal_panel swp_flat_fresh swp_default_full_color swp_individual_full_color swp_other_full_color scale-100 scale-\" data-min-width=\"1100\" data-float-color=\"#ffffff\" data-float=\"none\" data-float-mobile=\"none\" data-transition=\"slide\">\n<div class=\"nc_tweetContainer swp_share_button total_shares total_sharesalt\"><span class=\"swp_count\">49 <span class=\"swp_label\">Partages<\/span><\/span><\/div>\n<\/div>\n<\/div>\n<p>Auteur: Mourad S<br \/>\n<a href=\"https:\/\/www.tunisienumerique.com\/tunisie-operation-de-djebel-orbata-nouvelles-donnees-sur-les-deux-terroristes-elimines\/\">Cliquez ici pour lire l&rsquo;article depuis sa source.<\/a><\/p>\n","protected":false},"excerpt":{"rendered":"<p>49 Partages Le porte-parole de la Garde nationale, le colonel Hossam Jabbabli, a annonc\u00e9 le transfert des corps de terroristes qui ont \u00e9t\u00e9 \u00e9limin\u00e9s au mont Orbata, dans les laboratoires scientifiques et criminels du minist\u00e8re de l\u2019Int\u00e9rieur, dans le but de d\u00e9terminer leur identit\u00e9. Le colonel Jabbabli a pr\u00e9cis\u00e9 que la direction du laboratoire scientifique [&hellip;]<\/p>\n","protected":false},"author":1789,"featured_media":50386,"comment_status":"closed","ping_status":"closed","sticky":false,"template":"","format":"standard","meta":{"fifu_image_url":"","fifu_image_alt":"","footnotes":""},"categories":[73,55],"tags":[],"class_list":["post-50385","post","type-post","status-publish","format-standard","has-post-thumbnail","hentry","category-actualite","category-tunisie"],"_links":{"self":[{"href":"https:\/\/linitiative.ca\/International\/wp-json\/wp\/v2\/posts\/50385","targetHints":{"allow":["GET"]}}],"collection":[{"href":"https:\/\/linitiative.ca\/International\/wp-json\/wp\/v2\/posts"}],"about":[{"href":"https:\/\/linitiative.ca\/International\/wp-json\/wp\/v2\/types\/post"}],"author":[{"embeddable":true,"href":"https:\/\/linitiative.ca\/International\/wp-json\/wp\/v2\/users\/1789"}],"replies":[{"embeddable":true,"href":"https:\/\/linitiative.ca\/International\/wp-json\/wp\/v2\/comments?post=50385"}],"version-history":[{"count":0,"href":"https:\/\/linitiative.ca\/International\/wp-json\/wp\/v2\/posts\/50385\/revisions"}],"wp:featuredmedia":[{"embeddable":true,"href":"https:\/\/linitiative.ca\/International\/wp-json\/"}],"wp:attachment":[{"href":"https:\/\/linitiative.ca\/International\/wp-json\/wp\/v2\/media?parent=50385"}],"wp:term":[{"taxonomy":"category","embeddable":true,"href":"https:\/\/linitiative.ca\/International\/wp-json\/wp\/v2\/categories?post=50385"},{"taxonomy":"post_tag","embeddable":true,"href":"https:\/\/linitiative.ca\/International\/wp-json\/wp\/v2\/tags?post=50385"}],"curies":[{"name":"wp","href":"https:\/\/api.w.org\/{rel}","templated":true}]}}