{"id":50418,"date":"2019-08-05T09:23:40","date_gmt":"2019-08-05T13:23:40","guid":{"rendered":"https:\/\/linitiative.ca\/International\/sud-ouest-la-filiere-cacao-poursuit-sa-descente-aux-enfers\/"},"modified":"2019-08-05T09:23:40","modified_gmt":"2019-08-05T13:23:40","slug":"sud-ouest-la-filiere-cacao-poursuit-sa-descente-aux-enfers","status":"publish","type":"post","link":"https:\/\/linitiative.ca\/International\/sud-ouest-la-filiere-cacao-poursuit-sa-descente-aux-enfers\/","title":{"rendered":"Sud-Ouest : la fili\u00e8re cacao poursuit sa descente aux enfers"},"content":{"rendered":"<p>Si l\u2019on s\u2019en tient aux statistiques de commercialisation r\u00e9v\u00e9l\u00e9es il y a quelques jours par le <strong>Conseil interprofessionnel du cacao et du caf\u00e9<\/strong> (<strong>Cicc<\/strong>), <strong>119 710 867<\/strong> de kilogrammes de cacao, soit un peu plus de <strong>119 000,7 tonnes<\/strong>, ont \u00e9t\u00e9 vendues par le Cameroun au cours de la campagne 2018-2019. Comme au cours de la campagne pr\u00e9c\u00e9dente, la r\u00e9gion du Centre s\u2019est arrog\u00e9e la premi\u00e8re place au rang des plus gros producteurs, avec <strong>35 667 637 de kilogrammes<\/strong>, loin devant le Littoral qui arrive en deuxi\u00e8me position avec seulement <strong>24 640 825 de kilogrammes<\/strong>. Troisi\u00e8me au plan national, la r\u00e9gion du Sud pointe <strong>24 384 334 kg<\/strong> commercialis\u00e9s contre <strong>20 076 271<\/strong> pour l\u2019Est qui la talonne imm\u00e9diatement. Viennent ensuite, avec un \u00e9cart abyssal, l\u2019Ouest (<strong>7 562 227<\/strong>), le Sud-Ouest (<strong>6 488 496)<\/strong> et le Nord-Ouest (<strong>891 077<\/strong>). Le constat qui saute aux yeux, c\u2019est que le Sud-Ouest qui surclassait tous les autres bassins de production jusqu\u2019\u00e0 la campagne cacaoy\u00e8re 2016-2018 en totalisant 45,5% de la production nationale a continu\u00e9 de plonger.<\/p>\n<hr\/>\n<h4><strong>>> Lire aussi \u2013 <a title=\"Cacao-caf\u00e9: les objectifs du gouvernement \u00e0 l\u2019horizon 2020 ne seront pas atteints\" href=\"https:\/\/ecomatin.net\/cacao-cafe-les-objectifs-du-gouvernement-a-lhorizon-2020-ne-seront-pas-atteints\/\" target=\"_blank\" rel=\"noopener noreferrer\">Cacao-caf\u00e9: les objectifs du gouvernement \u00e0 l\u2019horizon 2020 ne seront pas atteints<\/a><br \/><\/strong><\/h4>\n<hr\/>\n<p>Il avait amorc\u00e9 sa chute libre entre 2017-2018, passant de 45,45 % des ventes nationales enregistr\u00e9es \u00e0 32 %, soit des pertes de <strong>43\u2009000 tonnes<\/strong>. Les pertes dues \u00e0 cette situation en termes de recettes d\u2019exportation pour le Cameroun \u00e9taient, selon le <strong>Groupement interpatronal du Cameroun<\/strong> (<strong>Gicam<\/strong>), s\u2019\u00e9levaient \u00e0 <strong>56 milliards Fcfa<\/strong>. La fili\u00e8re cacao dans l\u2019ensemble dans la zone anglophone du Cameroun et dans la r\u00e9gion du Sud-Ouest est l\u2019un des secteurs de l\u2019\u00e9conomie locale les plus impact\u00e9s par la crise s\u00e9cessionniste qui s\u2019y enlise depuis le troisi\u00e8me trimestre 2016. Des centaines de mille d\u2019hectares de cacaoyers ont \u00e9t\u00e9 incendi\u00e9s dans le Nord-Ouest et le Sud-Ouest par des s\u00e9cessionnistes pr\u00e9sum\u00e9s. Les champs qui n\u2019ont pas \u00e9t\u00e9 d\u00e9truits ont simplement \u00e9t\u00e9 d\u00e9sert\u00e9s par les paysans, qui fuyaient les violences.<\/p>\n<p>Outre les al\u00e9as climatiques et le non renouvellement substantiel des vergers cacaoyers, les autorit\u00e9s camerounaises en conviennent aujourd\u2019hui que le Cameroun n\u2019est plus capable d\u2019atteindre une production de <strong>600.000 tonnes<\/strong> comme planifi\u00e9 \u00e0 l\u2019horizon 2020, du fait de ces \u00e9v\u00e9nements. Cet objectif poursuivi \u00e0 partir de 2012 et qui aura n\u00e9cessit\u00e9 \u2013 si l\u2019on s\u2019en tient aux chiffres officiels -, la mobilisation de <strong>15 milliards Fcfa<\/strong> en moyenne chaque ann\u00e9e,\u00a0\u00a0 est report\u00e9 sine die. L\u2019un des outils phares sur lequel \u00e9tait fond\u00e9 l\u2019espoir d\u2019un rel\u00e8vement substantiel de la production cacaoy\u00e8re et caf\u00e9i\u00e8re au Cameroun \u00e9tait le programme <strong>New Generation<\/strong>, cr\u00e9\u00e9 en 2012 et pilot\u00e9 par le Conseil interprofessionnel du cacao et du caf\u00e9 (Cicc). Celui-ci visait notamment : le rajeunissement de la force de production, la professionnalisation des jeunes producteurs, la r\u00e9duction du ch\u00f4mage des jeunes \u00e0 travers la cr\u00e9ation d\u2019emplois en milieu rural, l\u2019am\u00e9lioration de la qualit\u00e9 et de la productivit\u00e9 et l\u2019accroissement de la production globale. En 2016, le Cicc r\u00e9v\u00e9lait que le programme avait permis de cr\u00e9er, en quatre ans d\u2019impl\u00e9mentation,\u00a0 de nouvelles plantations pour une superficie globale de <strong>2651 hectares<\/strong>.<\/p>\n<hr\/>\n<h4><strong>>> Lire aussi \u2013 <a title=\"Cacao : le gouvernement confesse l\u2019\u00e9chec du plan de relance de la fili\u00e8re\" href=\"https:\/\/ecomatin.net\/cacao-le-gouvernement-confesse-lechec-du-plan-de-relance-de-la-filiere\/\" target=\"_blank\" rel=\"noopener noreferrer\">Cacao : le gouvernement confesse l\u2019\u00e9chec du plan de relance de la fili\u00e8re<\/a><br \/><\/strong><\/h4>\n<hr\/>\n<p>Par rapport \u00e0 la saison 2011-2012, o\u00f9 le Cameroun avait produit <strong>228.941 tonnes<\/strong> de cacao,\u00a0 la hausse de la production est de moins de <strong>30.000 tonnes<\/strong> au cours des six derni\u00e8res ann\u00e9es. Or, plus de la moiti\u00e9 des espaces cr\u00e9\u00e9s par New Generation \u00e9tait entr\u00e9e en production au cours de la campagne 2014-2015. Une lente progression en somme. <strong>Fitch Solutions<\/strong> pr\u00e9voit que le pays franchisse enfin la barre de <strong>300.000 tonnes<\/strong> de cacao d\u2019ici \u00e0 2021, avant de s\u2019inscrire sur une tendance haussi\u00e8re de <strong>15 000 tonnes<\/strong> par an jusqu\u2019en 2023.<\/p>\n<div class=\"about-author about-author-box container-wrapper\">\n<div class=\"author-avatar\">\n<p><img decoding=\"async\" src=\"http:\/\/\" alt=\"\"\/><\/p>\n<\/div>\n<p><h4>La R\u00e9daction EcoMatin<\/h4>\n<\/p>\n<\/div>\n<div class=\"awac-wrapper awac widget blog_subscription-2\">\n<h4 class=\"widget-title\">Abonnez-vous \u00e0 notre lettre d&rsquo;information<\/h4>\n<\/div>\n<p>Auteur: EcoMatin<br \/>\n<a href=\"https:\/\/ecomatin.net\/sud-ouest-la-filiere-cacao-poursuit-sa-descente-aux-enfers\/\">Cliquez ici pour lire l&rsquo;article depuis sa source.<\/a><\/p>\n","protected":false},"excerpt":{"rendered":"<p>Si l\u2019on s\u2019en tient aux statistiques de commercialisation r\u00e9v\u00e9l\u00e9es il y a quelques jours par le Conseil interprofessionnel du cacao et du caf\u00e9 (Cicc), 119 710 867 de kilogrammes de cacao, soit un peu plus de 119 000,7 tonnes, ont \u00e9t\u00e9 vendues par le Cameroun au cours de la campagne 2018-2019. Comme au cours de [&hellip;]<\/p>\n","protected":false},"author":1969,"featured_media":0,"comment_status":"closed","ping_status":"closed","sticky":false,"template":"","format":"standard","meta":{"fifu_image_url":"","fifu_image_alt":"","footnotes":""},"categories":[82,78],"tags":[],"class_list":["post-50418","post","type-post","status-publish","format-standard","hentry","category-cameroun","category-economie"],"_links":{"self":[{"href":"https:\/\/linitiative.ca\/International\/wp-json\/wp\/v2\/posts\/50418","targetHints":{"allow":["GET"]}}],"collection":[{"href":"https:\/\/linitiative.ca\/International\/wp-json\/wp\/v2\/posts"}],"about":[{"href":"https:\/\/linitiative.ca\/International\/wp-json\/wp\/v2\/types\/post"}],"author":[{"embeddable":true,"href":"https:\/\/linitiative.ca\/International\/wp-json\/wp\/v2\/users\/1969"}],"replies":[{"embeddable":true,"href":"https:\/\/linitiative.ca\/International\/wp-json\/wp\/v2\/comments?post=50418"}],"version-history":[{"count":0,"href":"https:\/\/linitiative.ca\/International\/wp-json\/wp\/v2\/posts\/50418\/revisions"}],"wp:attachment":[{"href":"https:\/\/linitiative.ca\/International\/wp-json\/wp\/v2\/media?parent=50418"}],"wp:term":[{"taxonomy":"category","embeddable":true,"href":"https:\/\/linitiative.ca\/International\/wp-json\/wp\/v2\/categories?post=50418"},{"taxonomy":"post_tag","embeddable":true,"href":"https:\/\/linitiative.ca\/International\/wp-json\/wp\/v2\/tags?post=50418"}],"curies":[{"name":"wp","href":"https:\/\/api.w.org\/{rel}","templated":true}]}}