{"id":50419,"date":"2019-08-05T10:02:57","date_gmt":"2019-08-05T14:02:57","guid":{"rendered":"https:\/\/linitiative.ca\/International\/filiere-banane-prevision-de-baisse-de-19-000-tonnes-en-2019\/"},"modified":"2019-08-05T10:02:57","modified_gmt":"2019-08-05T14:02:57","slug":"filiere-banane-prevision-de-baisse-de-19-000-tonnes-en-2019","status":"publish","type":"post","link":"https:\/\/linitiative.ca\/International\/filiere-banane-prevision-de-baisse-de-19-000-tonnes-en-2019\/","title":{"rendered":"Fili\u00e8re banane : pr\u00e9vision de baisse de 19.000 tonnes en 2019"},"content":{"rendered":"<p>Malgr\u00e9 l\u2019optimisme d\u00e9gag\u00e9 par l\u2019Honorable <strong>Joseph Owona Kono<\/strong>, le secr\u00e9taire ex\u00e9cutif de l\u2019<strong>Association banani\u00e8re du Cameroun<\/strong> (<strong>Assobacam<\/strong>), la fili\u00e8re banane reste dans une inqui\u00e9tante zone de turbulence. Des probl\u00e8mes structurels, techniques, financiers et malheureusement s\u00e9curitaires.\u00a0 Les Plantations du Haut Penja (<strong>PHP)<\/strong>, la <strong>Cameroon Development Corporation<\/strong> (<strong>CDC<\/strong>), <strong>Boh Plantations limited (Bpl)<\/strong>, les trois producteurs encore actifs dans le Moungo et le Fako, affichent, apr\u00e8s la fermeture en 2013, de la <strong>SPM,<\/strong> la <strong>Soci\u00e9t\u00e9 des plantations du Moungo<\/strong>, une baisse r\u00e9guli\u00e8re de production de banane: \u00ab<em>malgr\u00e9 une relative augmentation des surfaces cultiv\u00e9es, le volume des exportations de bananes \u00e9volue en dents de scie depuis ces quatre derni\u00e8res ann\u00e9es<\/em>\u00bb, fait remarquer l\u2019Honorable Joseph Owona Kono, lors d\u2019une tourn\u00e9e dans les p\u00f4les de production des d\u00e9partements du Moungo dans le Littoral et du Fako dans la r\u00e9gion du Sud-ouest. De 2015 \u00e0 2018, la production banani\u00e8re des entreprises publiques et priv\u00e9es de ce secteur a baiss\u00e9 de <strong>91.166 tonnes<\/strong>: <strong>268.593 tonnes<\/strong> en 2014, <strong>302.613<\/strong> en 2015, <strong>295.977 tonnes<\/strong> en 2016, 2017 avec <strong>277.194 tonnes<\/strong> et <strong>191.598 tonnes<\/strong> en 2018.<\/p>\n<hr\/>\n<h4><strong>>> Lire aussi \u2013 <a title=\"Agriculture : baisse de r\u00e9gime de la production de la banane au Cameroun\" href=\"https:\/\/ecomatin.net\/agriculture-baisse-de-regime-de-la-banane-au-cameroun\/\" target=\"_blank\" rel=\"noopener noreferrer\">Agriculture : baisse de r\u00e9gime de la production de la banane au Cameroun<\/a><br \/><\/strong><\/h4>\n<hr\/>\n<p>Hormis la cessation d\u2019activit\u00e9s de la SPM et de la CDC dont les derni\u00e8res productions pointaient respectivement \u00e0 <strong>11.755 tonnes<\/strong> en 2013 et <strong>33.953 tonnes<\/strong> en 2018, les causes de cette r\u00e9gression sont connues: \u00ab<em>les modifications intervenues sur le march\u00e9 europ\u00e9en, les exigences rigoureuses du march\u00e9 en termes de qualit\u00e9, les probl\u00e8mes de tr\u00e9sorerie rencontr\u00e9s par certains producteurs qui n\u2019ont pas pu poursuivre leurs programmes d\u2019investissements et dont la production n\u2019a cess\u00e9 de d\u00e9cro\u00eetre, les al\u00e9as climatiques qui provoquent la perte de milliers de plants de bananiers<\/em>\u00bb, mais surtout, \u00ab<em>la crise anglophone dans les r\u00e9gions du Sud-ouest et du Nord-ouest<\/em>\u00bb. Du fait de cette crise, la CDC a interrompu ses activit\u00e9s dans son p\u00f4le banane depuis juillet 2018. Les responsables de la CDC chiffrent \u00e0 <strong>32 milliards de FCFA<\/strong>, les pertes enregistr\u00e9es depuis janvier 2019. A <strong>Boh plantation limited<\/strong>, entreprise cr\u00e9\u00e9e en 2009 avec pr\u00e8s de <strong>1000 employ\u00e9s<\/strong>, la situation n\u2019est gu\u00e8re reluisante. Son aire d\u2019exploitation de Missaka, grande de <strong>260 hectares<\/strong>, reste \u00e0 port\u00e9e des s\u00e9paratistes anglophones.<\/p>\n<hr\/>\n<h4><strong>>> Lire aussi \u2013 <a title=\"Agro-industrie : les exportations de bananes \u00e9voluent en dents de scie\" href=\"https:\/\/ecomatin.net\/agro-industrie-les-exportations-de-bananes-evoluent-en-dents-de-scie\/\" target=\"_blank\" rel=\"noopener noreferrer\">Agro-industrie : les exportations de bananes \u00e9voluent en dents de scie<\/a><br \/><\/strong><\/h4>\n<hr\/>\n<p>En r\u00e9action \u00e0 cette conjoncture, l\u2019Assobacam b\u00e9n\u00e9ficie heureusement de l\u2019appui et de l\u2019accompagnement du gouvernement camerounais et des partenaires ext\u00e9rieurs, l\u2019Union Europ\u00e9enne notamment: \u00ab<em>les actions soutenues par le gouvernement, non seulement au travers de l\u2019engagement pris dans le Document de strat\u00e9gie pour la croissance et l\u2019emploi (Dsce), mais \u00e9galement dans la convention sign\u00e9e entre le gouvernement camerounais et l\u2019Assobacam<\/em>\u00bb, explique\u00a0 Joseph Owona Kono. L\u2019Etat du Cameroun s\u2019est en effet engag\u00e9 \u00e0 apporter son appui \u00e0 la fili\u00e8re banane, ce qui permettra \u00e0 l\u2019inter-profession de respecter ses engagements de porter la production de banane \u00e0 <strong>500.000 tonnes<\/strong> par an. Par ailleurs, l\u2019Union Europ\u00e9enne s\u2019est engag\u00e9e dans un accompagnement de la fili\u00e8re banane au Cameroun \u00e0 travers une convention sign\u00e9e avec l\u2019Etat du Cameroun pour une p\u00e9riode d\u2019ex\u00e9cution de <strong>7 ans<\/strong>, avec un budget de <strong>48.290.000 Euros<\/strong>. L\u2019Assobacam pr\u00e9voit pour l\u2019ann\u00e9e 2019, une production de <strong>191.598<\/strong> tonnes de banane. Des pr\u00e9visions en baisse de <strong>19.349 tonnes<\/strong> de banane par rapport \u00e0 2018 o\u00f9 la production de banane s\u2019\u00e9levait \u00e0 <strong>210.947 tonnes<\/strong>.<\/p>\n<hr\/>\n<h4><strong>>> Lire aussi \u2013 <a title=\"CDC : 32 milliards de FCFA de pertes en 6 mois d\u2019arr\u00eat de travail\" href=\"https:\/\/ecomatin.net\/cdc-32-milliards-de-fcfa-de-pertes-en-6-mois-darret-de-travail\/\" target=\"_blank\" rel=\"noopener noreferrer\">CDC : 32 milliards de FCFA de pertes en 6 mois d\u2019arr\u00eat de travail<\/a><br \/><\/strong><\/h4>\n<hr\/>\n<p>A titre de rappel, en 2015, le Cameroun avait atteint une production record de\u00a0 <strong>278.450 tonnes<\/strong>, d\u00e9tr\u00f4nant\u00a0 la C\u00f4te d\u2019Ivoire au rang de premier producteur de banane dans la zone Afrique-Cara\u00efbes-Pacifique (ACP. Leadership de courte dur\u00e9e car en 2016, la production nationale a de nouveau plong\u00e9, passant \u00e0 <strong>249.610 tonnes<\/strong>, soit une baisse de pr\u00e8s de <strong>30.000 tonnes<\/strong>. La banane est le troisi\u00e8me produit d\u2019exportation du Cameroun, derri\u00e8re le p\u00e9trole brut et le bois en grumes ou sci\u00e9, mais devant le cacao et le coton. Le Cameroun s\u2019est fix\u00e9 comme objectif de porter la production de banane \u00e0\u00a0 <strong>500.000 tonnes<\/strong>, horizon 2035.<\/p>\n<div class=\"about-author about-author-box container-wrapper\">\n<div class=\"author-avatar\">\n<p><img decoding=\"async\" src=\"http:\/\/\" alt=\"\"\/><\/p>\n<\/div>\n<p><h4>La R\u00e9daction EcoMatin<\/h4>\n<\/p>\n<\/div>\n<div class=\"awac-wrapper awac widget blog_subscription-2\">\n<h4 class=\"widget-title\">Abonnez-vous \u00e0 notre lettre d&rsquo;information<\/h4>\n<\/div>\n<p>Auteur: EcoMatin<br \/>\n<a href=\"https:\/\/ecomatin.net\/filiere-banane-prevision-de-baisse-de-19-000-tonnes-en-2019\/\">Cliquez ici pour lire l&rsquo;article depuis sa source.<\/a><\/p>\n","protected":false},"excerpt":{"rendered":"<p>Malgr\u00e9 l\u2019optimisme d\u00e9gag\u00e9 par l\u2019Honorable Joseph Owona Kono, le secr\u00e9taire ex\u00e9cutif de l\u2019Association banani\u00e8re du Cameroun (Assobacam), la fili\u00e8re banane reste dans une inqui\u00e9tante zone de turbulence. Des probl\u00e8mes structurels, techniques, financiers et malheureusement s\u00e9curitaires.\u00a0 Les Plantations du Haut Penja (PHP), la Cameroon Development Corporation (CDC), Boh Plantations limited (Bpl), les trois producteurs encore actifs [&hellip;]<\/p>\n","protected":false},"author":1969,"featured_media":0,"comment_status":"closed","ping_status":"closed","sticky":false,"template":"","format":"standard","meta":{"fifu_image_url":"","fifu_image_alt":"","footnotes":""},"categories":[82,78],"tags":[],"class_list":["post-50419","post","type-post","status-publish","format-standard","hentry","category-cameroun","category-economie"],"_links":{"self":[{"href":"https:\/\/linitiative.ca\/International\/wp-json\/wp\/v2\/posts\/50419","targetHints":{"allow":["GET"]}}],"collection":[{"href":"https:\/\/linitiative.ca\/International\/wp-json\/wp\/v2\/posts"}],"about":[{"href":"https:\/\/linitiative.ca\/International\/wp-json\/wp\/v2\/types\/post"}],"author":[{"embeddable":true,"href":"https:\/\/linitiative.ca\/International\/wp-json\/wp\/v2\/users\/1969"}],"replies":[{"embeddable":true,"href":"https:\/\/linitiative.ca\/International\/wp-json\/wp\/v2\/comments?post=50419"}],"version-history":[{"count":0,"href":"https:\/\/linitiative.ca\/International\/wp-json\/wp\/v2\/posts\/50419\/revisions"}],"wp:attachment":[{"href":"https:\/\/linitiative.ca\/International\/wp-json\/wp\/v2\/media?parent=50419"}],"wp:term":[{"taxonomy":"category","embeddable":true,"href":"https:\/\/linitiative.ca\/International\/wp-json\/wp\/v2\/categories?post=50419"},{"taxonomy":"post_tag","embeddable":true,"href":"https:\/\/linitiative.ca\/International\/wp-json\/wp\/v2\/tags?post=50419"}],"curies":[{"name":"wp","href":"https:\/\/api.w.org\/{rel}","templated":true}]}}