{"id":50422,"date":"2019-08-06T07:56:26","date_gmt":"2019-08-06T11:56:26","guid":{"rendered":"https:\/\/linitiative.ca\/International\/galerie-fan-dok-deux-expositions-au-foundouk-zeljou-a-larache\/"},"modified":"2019-08-06T07:56:26","modified_gmt":"2019-08-06T11:56:26","slug":"galerie-fan-dok-deux-expositions-au-foundouk-zeljou-a-larache","status":"publish","type":"post","link":"https:\/\/linitiative.ca\/International\/galerie-fan-dok-deux-expositions-au-foundouk-zeljou-a-larache\/","title":{"rendered":"Galerie Fan-Dok  : Deux expositions  au Foundouk Zeljou \u00e0 Larache"},"content":{"rendered":"<header>\n<div class=\"entry-post-meta\">\n<div class=\"author-link\">Publi\u00e9 par <a itemprop=\"author\" itemscope=\"\" itemtype=\"https:\/\/schema.org\/Person\" href=\"http:\/\/aujourdhui.ma\/profile\/kaid\" rel=\"author\"><span itemprop=\"name\">ALM<\/span><\/a><\/div>\n<p>Date\u00a0:<time content=\"2019-08-06T12:56:26+00:00\" class=\"entry-date updated\" datetime=\"2019-08-06T12:56:26+00:00\">ao\u00fbt 06, 2019<\/time><\/p>\n<div class=\"entry-cat\">dans:<a href=\"http:\/\/aujourdhui.ma\/category\/culture\" rel=\"category tag\">Culture<\/a><\/div>\n<p>0 Vues<\/p>\n<\/div>\n<\/header>\n<div class=\"entry-content clearfix\" readability=\"59\"><img decoding=\"async\" class=\"post_layout_5_img\" src=\"http:\/\/aujourdhui.ma\/wp-content\/uploads\/2019\/08\/Galerie-Fan-Dok.jpg?x29840\" alt=\"Galerie Fan-Dok : Deux expositions au Foundouk Zeljou \u00e0 Larache\"\/><\/p>\n<p class=\"p1\"><span class=\"s1 c5\"><span class=\"c4\"><strong>L\u2019Association Zeljou, en partenariat avec la galerie Fan-Dok, organise au Foundouk Zeljou<span class=\"Apple-converted-space\">\u00a0<\/span> de Larache deux expositions dirig\u00e9es par la galeriste et psychanalyste Hakima Lebbar.<\/strong><\/span><\/span> <span id=\"more-316601\"\/><\/p>\n<p class=\"p1\"><span class=\"s1\">L\u2019aile gauche de la galerie abrite l\u2019exposition \u00abFemmes et religions, ponts de vue de femmes du Maroc\u00bb avec la participation d\u2019artistes femmes du Maroc de diff\u00e9rentes cultures. Cette exposition est itin\u00e9rante et a d\u00e9j\u00e0 \u00e9t\u00e9 pr\u00e9sent\u00e9e dans plusieurs villes. Sur l\u2019aile droite et au RDC est pr\u00e9sent\u00e9 \u00abUn panorama d\u2019artistes du Maroc, du Nord au Sud\u00bb avec des travaux d\u2019une cinquantaine d\u2019artistes de diff\u00e9rentes r\u00e9gions du Maroc (Asilah, Larache, Tanger, T\u00e9touan, Chaouen, Oujda, F\u00e8s, Azrou, K\u00e9nitra, Rabat, Casablanca, Azemmour, El jadida, Marrakech, Essaouira, Agadir, Tiznit, Sidi Ifni \u2026.).<\/span><\/p>\n<\/div>\n<p>Auteur: ALM<br \/>\n<a href=\"http:\/\/aujourdhui.ma\/culture\/galerie-fan-dok-deux-expositions-au-foundouk-zeljou-a-larache\">Cliquez ici pour lire l&rsquo;article depuis sa source.<\/a><\/p>\n","protected":false},"excerpt":{"rendered":"<p>Publi\u00e9 par ALM Date\u00a0:ao\u00fbt 06, 2019 dans:Culture 0 Vues L\u2019Association Zeljou, en partenariat avec la galerie Fan-Dok, organise au Foundouk Zeljou\u00a0 de Larache deux expositions dirig\u00e9es par la galeriste et psychanalyste Hakima Lebbar. L\u2019aile gauche de la galerie abrite l\u2019exposition \u00abFemmes et religions, ponts de vue de femmes du Maroc\u00bb avec la participation d\u2019artistes femmes [&hellip;]<\/p>\n","protected":false},"author":1759,"featured_media":0,"comment_status":"closed","ping_status":"closed","sticky":false,"template":"","format":"standard","meta":{"fifu_image_url":"","fifu_image_alt":"","footnotes":""},"categories":[73,54],"tags":[],"class_list":["post-50422","post","type-post","status-publish","format-standard","hentry","category-actualite","category-maroc"],"_links":{"self":[{"href":"https:\/\/linitiative.ca\/International\/wp-json\/wp\/v2\/posts\/50422","targetHints":{"allow":["GET"]}}],"collection":[{"href":"https:\/\/linitiative.ca\/International\/wp-json\/wp\/v2\/posts"}],"about":[{"href":"https:\/\/linitiative.ca\/International\/wp-json\/wp\/v2\/types\/post"}],"author":[{"embeddable":true,"href":"https:\/\/linitiative.ca\/International\/wp-json\/wp\/v2\/users\/1759"}],"replies":[{"embeddable":true,"href":"https:\/\/linitiative.ca\/International\/wp-json\/wp\/v2\/comments?post=50422"}],"version-history":[{"count":0,"href":"https:\/\/linitiative.ca\/International\/wp-json\/wp\/v2\/posts\/50422\/revisions"}],"wp:attachment":[{"href":"https:\/\/linitiative.ca\/International\/wp-json\/wp\/v2\/media?parent=50422"}],"wp:term":[{"taxonomy":"category","embeddable":true,"href":"https:\/\/linitiative.ca\/International\/wp-json\/wp\/v2\/categories?post=50422"},{"taxonomy":"post_tag","embeddable":true,"href":"https:\/\/linitiative.ca\/International\/wp-json\/wp\/v2\/tags?post=50422"}],"curies":[{"name":"wp","href":"https:\/\/api.w.org\/{rel}","templated":true}]}}