{"id":50430,"date":"2019-08-06T11:41:39","date_gmt":"2019-08-06T15:41:39","guid":{"rendered":"https:\/\/linitiative.ca\/International\/la-surenchere-pre-electorale\/"},"modified":"2019-08-06T11:41:39","modified_gmt":"2019-08-06T15:41:39","slug":"la-surenchere-pre-electorale","status":"publish","type":"post","link":"https:\/\/linitiative.ca\/International\/la-surenchere-pre-electorale\/","title":{"rendered":"La surench\u00e8re pr\u00e9-\u00e9lectorale!"},"content":{"rendered":"<p class=\"c4\"><strong><span class=\"c2\">D<\/span><span class=\"c3\">epuis la mise en application du nouvel essai de la loi supr\u00eame du pays, apr\u00e8s son adoption par r\u00e9f\u00e9rendum, le d\u00e9partement de la sant\u00e9 fut redout\u00e9 et confi\u00e9 finalement au petit \u00abPoucet\u00bb des quatre composantes de la majorit\u00e9, en l\u2019an2012. Un \u00abcadeau envenim\u00e9\u00bb, dirait-on, \u00e0 propos de cette besogne rev\u00eache, dont le parti en question s\u2019est audacieusement assign\u00e9.<\/span><\/strong><\/p>\n<p class=\"c4\">Aux c\u00f4t\u00e9s de l\u2019habitat, de l\u2019emploi, de l\u2019eau et de la culture, ce service anguleux est destin\u00e9, rubis sur l\u2019ongle, aux couches sociales, en particulier, celle en situation de pr\u00e9carit\u00e9. En d\u00e9pit de son cong\u00e9diement jug\u00e9 disgracieux, le responsable mis \u00e0 la t\u00eate de cet ardu secteur, s\u2019\u00e9tait hardiment acquitt\u00e9 de sa mission, avec brio.<\/p>\n<p class=\"c4\">Son successeur de la m\u00eame ob\u00e9dience encha\u00eene non sans avec non plus, en mettant en place une strat\u00e9gie sanitaire qui r\u00e9ponde graduellement aux aspirations de la nation dans le domaine. Assur\u00e9ment, cette notori\u00e9t\u00e9 constante finit par enrager des ren\u00e9gats s\u00e9ditieux qui tentent de les d\u00e9stabiliser. Depuis longtemps d\u00e9j\u00e0, ces alt\u00e9rations it\u00e9ratives se font illustrer, sans aucune vergogne, envers les coll\u00e8gues de l\u2019ex\u00e9cutif \u00e0 des fins souvent malveillantes.<\/p>\n<p class=\"c4\">En fait, les coups bas qui tentent vainement \u00abde mettre en doute la comp\u00e9tence\u00bb des deux ministres de la sant\u00e9 et pr\u00e9tendre leur \u00absucc\u00e9der dans les \u00e9ch\u00e9ances \u00e0 venir\u00bb, visent \u00e0 \u00a0drainer, parles moyens empreints de d\u00e9magogie, des voix parmi le staff m\u00e9dical rassembl\u00e9 en vrac, lors des meetings.<\/p>\n<p class=\"c4\">On r\u00e9torquera \u00e0 ces fantaisies que le respect tout d\u2019abord, des diverses constituantes du gouvernement, s\u2019av\u00e8re donc n\u00e9cessairement une d\u00e9ontologie vertueuse avant de se constituer aussi en une exigence solidaire. D\u2019autre part, verser dans la m\u00e9disance, en pr\u00e9tendant que \u00abtous les maux du pays \u00e9manent de la sant\u00e9\u00bb est une myopie r\u00e9trograde du contexte national dans lequel se meuvent les forces vives, en parfaite symbiose avec l\u2019Institution monarchique.<\/p>\n<p class=\"c4\">On dira aussi que quand on passait au crible le Plan Maroc Vert, dans un colloque scientifique, on le faisait dans les r\u00e8gles de l\u2019art, sans jamais manquer de civilit\u00e9 \u00e0 son auteur. Or, ses critiques constructives, ont valu, n\u00e9anmoins, des attaques acerbes.<\/p>\n<p class=\"c4\">Feu le Roi Hassan II disait un jour: \u00abOn ne saurait perdre du temps \u00e0 se comporter en bonne foi, quand on a affaire \u00e0 des gens de mauvaise foi\u00a0!\u00bb. Cette citation pleine d\u2019enseignement conviendrait, sans nul doute, \u00e0 pareille situation.\u00a0Le secteur de la sant\u00e9, au m\u00eame titre que celui de l\u2019enseignement, l\u2019emploi et bien d\u2019autres \u00e0 caract\u00e8re social, ne tol\u00e8rent point de surench\u00e8re ni de populisme.<\/p>\n<p class=\"c4\">Leur succ\u00e8s est tributaire de la conjugaison des efforts de toutes les bonnes volont\u00e9s et surtout de la consolidation des acquis au service du peuple et malgr\u00e9 les contraintes de la conjoncture. Il y va, \u00e0 coup s\u00fbr, de l\u2019int\u00e9r\u00eat du pays, en phase d\u2019\u00e9mergence.<\/p>\n<p class=\"c4\">D\u2019autant plus que les indices de la panne sociale tire vers le bas, dans une soci\u00e9t\u00e9 constamment fragilis\u00e9e par les affres de la d\u00e9ch\u00e9ance sociale. On murmurera \u00e0 l\u2019oreille de ces ingrats que dans le secteur de la sant\u00e9 publique, il existe bien des services dans lesquels sont admis les amn\u00e9siques du genre pour \u00eatre soumis \u00e0 des soins efficients!<\/p>\n<p>Auteur: M&rsquo;hammed rahal<br \/>\n<a href=\"http:\/\/albayane.press.ma\/la-surenchere-pre-electorale.html\">Cliquez ici pour lire l&rsquo;article depuis sa source.<\/a><\/p>\n","protected":false},"excerpt":{"rendered":"<p>Depuis la mise en application du nouvel essai de la loi supr\u00eame du pays, apr\u00e8s son adoption par r\u00e9f\u00e9rendum, le d\u00e9partement de la sant\u00e9 fut redout\u00e9 et confi\u00e9 finalement au petit \u00abPoucet\u00bb des quatre composantes de la majorit\u00e9, en l\u2019an2012. Un \u00abcadeau envenim\u00e9\u00bb, dirait-on, \u00e0 propos de cette besogne rev\u00eache, dont le parti en question [&hellip;]<\/p>\n","protected":false},"author":1760,"featured_media":0,"comment_status":"closed","ping_status":"closed","sticky":false,"template":"","format":"standard","meta":{"fifu_image_url":"","fifu_image_alt":"","footnotes":""},"categories":[73,54],"tags":[],"class_list":["post-50430","post","type-post","status-publish","format-standard","hentry","category-actualite","category-maroc"],"_links":{"self":[{"href":"https:\/\/linitiative.ca\/International\/wp-json\/wp\/v2\/posts\/50430","targetHints":{"allow":["GET"]}}],"collection":[{"href":"https:\/\/linitiative.ca\/International\/wp-json\/wp\/v2\/posts"}],"about":[{"href":"https:\/\/linitiative.ca\/International\/wp-json\/wp\/v2\/types\/post"}],"author":[{"embeddable":true,"href":"https:\/\/linitiative.ca\/International\/wp-json\/wp\/v2\/users\/1760"}],"replies":[{"embeddable":true,"href":"https:\/\/linitiative.ca\/International\/wp-json\/wp\/v2\/comments?post=50430"}],"version-history":[{"count":0,"href":"https:\/\/linitiative.ca\/International\/wp-json\/wp\/v2\/posts\/50430\/revisions"}],"wp:attachment":[{"href":"https:\/\/linitiative.ca\/International\/wp-json\/wp\/v2\/media?parent=50430"}],"wp:term":[{"taxonomy":"category","embeddable":true,"href":"https:\/\/linitiative.ca\/International\/wp-json\/wp\/v2\/categories?post=50430"},{"taxonomy":"post_tag","embeddable":true,"href":"https:\/\/linitiative.ca\/International\/wp-json\/wp\/v2\/tags?post=50430"}],"curies":[{"name":"wp","href":"https:\/\/api.w.org\/{rel}","templated":true}]}}