{"id":50431,"date":"2019-08-06T11:42:38","date_gmt":"2019-08-06T15:42:38","guid":{"rendered":"https:\/\/linitiative.ca\/International\/samir-les-salaries-appellent-de-nouveau-a-sauver-la-samir\/"},"modified":"2019-08-06T11:42:38","modified_gmt":"2019-08-06T15:42:38","slug":"samir-les-salaries-appellent-de-nouveau-a-sauver-la-samir","status":"publish","type":"post","link":"https:\/\/linitiative.ca\/International\/samir-les-salaries-appellent-de-nouveau-a-sauver-la-samir\/","title":{"rendered":"Samir: Les salari\u00e9s appellent de nouveau \u00e0 sauver la Samir"},"content":{"rendered":"<p class=\"c4\"><span class=\"c3\"><strong><span class=\"c2\">I<\/span>l y a quatre ans, presque jour pour jour, la Samir a cess\u00e9 ses activit\u00e9s de raffinage,\u00a0 plomb\u00e9e par des dettes \u00e0 cause d\u2019une gestion douteuse. Et rien ne semble, au moins pour le moment, aller dans le bon chemin surtout lorsque l\u2019on sait que ce dossier si \u00e9pineux a \u00e9puis\u00e9 tous les degr\u00e9s de juridiction.<\/strong><\/span><\/p>\n<p class=\"c4\">Cependant, il faut dire que les salari\u00e9s ne l\u00e2chent point prise. Ils sont venus par dizaines, ce samedi 3 ao\u00fbt, pour prendre part au sit-in initi\u00e9 par la Conf\u00e9d\u00e9ration d\u00e9mocratique du travail (CDT) et ce en pr\u00e9sence de plusieurs formations politiques et des militants repr\u00e9sentant le front national et local. C\u2019est dire que les discours pessimistes v\u00e9hicul\u00e9s par certains milieux visant \u00e0 \u00e9touffer tout sc\u00e9nario de reprise des activit\u00e9s de l\u2019entreprise ne va pas les d\u00e9sarmer.<\/p>\n<p class=\"c4\">Certains parmi eux ont \u00e9t\u00e9 accompagn\u00e9s par leurs femmes, d\u2019autres ont ramen\u00e9s leurs petits enfants pour transmettre un message clair aux responsables en leur disant qu\u2019ils ont des familles \u00e0 subvenir \u00e0 leurs besoins. Autrement dit, que la fermeture de l\u2019entreprise aura\u00a0 des cons\u00e9quences catastrophiques et occasionnera des d\u00e9g\u00e2ts sociaux irr\u00e9m\u00e9diables.<\/p>\n<p class=\"c4\">Apr\u00e8s le sit-in, place \u00e0 la manifestation, pour parcourir des centaines de m\u00e8tres sur la route c\u00f4ti\u00e8re liant Mohammedia \u00e0 Casablanca, en levant des pancartes\u00a0 o\u00f9 peut-on lire des slogans d\u00e9non\u00e7ant le black-out \u00a0du gouvernement, incapable de r\u00e9agir positivement \u00e0 l\u2019\u00e9gard de ce dossier.<\/p>\n<p class=\"c4\">\u00abJe veux travailler, je veux vivre\u00bb, \u00abNon \u00e0 l\u2019enterrement de la Samir\u00bb, \u00abLib\u00e9rez la Samir\u00bb, ont \u00e9galement scand\u00e9 \u00e0 vive voix les manifestants qui sont rest\u00e9s jusqu\u2019\u00e0 une heure tardive de la nuit.<\/p>\n<p class=\"c4\">Pour eux, une intervention de l\u2019Etat serait d\u2019une urgence cruciale sinon le dossier va franchir le point de non-retour.<\/p>\n<p class=\"c4\">En fait, la Samir quand elle tournait \u00e0 plein r\u00e9gime avait besoin annuellement de 200 millions de DH en tant que frais de maintenance.\u00a0 \u00a0Cela \u00e9tant, tout retard ne va que compliquer davantage la situation car actuellement pour proc\u00e9der au d\u00e9marrage de l\u2019entreprise, il faut mobiliser une enveloppe budg\u00e9taire s\u2019\u00e9levant au moins \u00e0 un 1 milliard de DH.<\/p>\n<p class=\"c5\"><span class=\"c2\"><strong>Un gouvernement d\u00e9pass\u00e9!<\/strong><\/span><\/p>\n<p class=\"c4\">Houcine El Yamani, secr\u00e9taire g\u00e9n\u00e9ral du Syndicat national des industries du p\u00e9trole et du gaz (SNIUPG) a soulign\u00e9 dans une d\u00e9claration \u00e0 Al Bayane que la reprise des activit\u00e9s du raffinage est une condition sine qua non \u00a0pour mettre un terme \u00e0 l\u2019anarchie r\u00e9gissant le march\u00e9 des hydrocarbures. Il a \u00e9galement appel\u00e9 les v\u00e9ritables d\u00e9cideurs \u00e0 apporter des r\u00e9ponses claires \u00e0 ce sujet, en consid\u00e9rant que le gouvernement \u00a0fait preuve d\u2019un mutisme incompr\u00e9hensible et le jugeant incapable \u00e0 assumer ses responsabilit\u00e9s.<\/p>\n<p class=\"c4\">\u00abLes membres du gouvernement \u00e9vitent\u00a0 de s\u2019assoir \u00e0 table avec nous, pr\u00e9f\u00e9rant renvoyer la balle \u00e0 la justice en vue de se d\u00e9faire de leur responsabilit\u00e9\u00bb,\u00a0 d\u00e9clare-t-il avec insistance, avant de mettre l\u2019accent sur le fait que tous les degr\u00e9s de juridiction ont \u00e9t\u00e9 \u00e9puis\u00e9s.<\/p>\n<p class=\"c4\">\u00abCertes, la justice a ordonn\u00e9 la cession de l\u2019entreprise aux tiers, mais cette derni\u00e8re ne dispose pas de m\u00e9canismes efficaces, lui permettant de faire aboutir ce dossier\u00bb, pr\u00e9cise-t-il.<\/p>\n<p class=\"c4\">Autrement dit, la solution consiste en la mise en place d\u2019une coop\u00e9ration entre les pouvoirs judiciaire et ex\u00e9cutif, notamment avec le tribunal de commerce \u00a0et d\u2019adopter une nouvelle approche pragmatique, cons\u00e9quente avec les engagements du gouvernement en mati\u00e8re d\u2019investissement. C\u2019est ainsi que l\u2019on pourra, par cons\u00e9quent, sauver la Samir, clarifie-t-il.<\/p>\n<p class=\"c4\">N\u2019en d\u00e9plaise \u00e0 dieu, une \u00e9ventuelle fermeture de la soci\u00e9t\u00e9 va faire perdre environ \u00a020 milliards de DH \u00e0 l\u2019Etat. A bon entendeur!<\/p>\n<p class=\"c6\">\u00a0<strong>Khalid Darfaf<\/strong><\/p>\n<p>Auteur: M&rsquo;hammed rahal<br \/>\n<a href=\"http:\/\/albayane.press.ma\/samir-les-salaries-appellent-de-nouveau-a-sauver-la-samir.html\">Cliquez ici pour lire l&rsquo;article depuis sa source.<\/a><\/p>\n","protected":false},"excerpt":{"rendered":"<p>Il y a quatre ans, presque jour pour jour, la Samir a cess\u00e9 ses activit\u00e9s de raffinage,\u00a0 plomb\u00e9e par des dettes \u00e0 cause d\u2019une gestion douteuse. Et rien ne semble, au moins pour le moment, aller dans le bon chemin surtout lorsque l\u2019on sait que ce dossier si \u00e9pineux a \u00e9puis\u00e9 tous les degr\u00e9s de [&hellip;]<\/p>\n","protected":false},"author":1760,"featured_media":0,"comment_status":"closed","ping_status":"closed","sticky":false,"template":"","format":"standard","meta":{"fifu_image_url":"","fifu_image_alt":"","footnotes":""},"categories":[73,54],"tags":[],"class_list":["post-50431","post","type-post","status-publish","format-standard","hentry","category-actualite","category-maroc"],"_links":{"self":[{"href":"https:\/\/linitiative.ca\/International\/wp-json\/wp\/v2\/posts\/50431","targetHints":{"allow":["GET"]}}],"collection":[{"href":"https:\/\/linitiative.ca\/International\/wp-json\/wp\/v2\/posts"}],"about":[{"href":"https:\/\/linitiative.ca\/International\/wp-json\/wp\/v2\/types\/post"}],"author":[{"embeddable":true,"href":"https:\/\/linitiative.ca\/International\/wp-json\/wp\/v2\/users\/1760"}],"replies":[{"embeddable":true,"href":"https:\/\/linitiative.ca\/International\/wp-json\/wp\/v2\/comments?post=50431"}],"version-history":[{"count":0,"href":"https:\/\/linitiative.ca\/International\/wp-json\/wp\/v2\/posts\/50431\/revisions"}],"wp:attachment":[{"href":"https:\/\/linitiative.ca\/International\/wp-json\/wp\/v2\/media?parent=50431"}],"wp:term":[{"taxonomy":"category","embeddable":true,"href":"https:\/\/linitiative.ca\/International\/wp-json\/wp\/v2\/categories?post=50431"},{"taxonomy":"post_tag","embeddable":true,"href":"https:\/\/linitiative.ca\/International\/wp-json\/wp\/v2\/tags?post=50431"}],"curies":[{"name":"wp","href":"https:\/\/api.w.org\/{rel}","templated":true}]}}