{"id":50435,"date":"2019-08-06T06:08:22","date_gmt":"2019-08-06T10:08:22","guid":{"rendered":"https:\/\/linitiative.ca\/International\/match-amical-le-raja-sincline-sur-le-fil-face-au-real-betis\/"},"modified":"2019-08-06T06:08:22","modified_gmt":"2019-08-06T10:08:22","slug":"match-amical-le-raja-sincline-sur-le-fil-face-au-real-betis","status":"publish","type":"post","link":"https:\/\/linitiative.ca\/International\/match-amical-le-raja-sincline-sur-le-fil-face-au-real-betis\/","title":{"rendered":"Match amical: Le Raja s\u2019incline sur le fil face au Real Betis"},"content":{"rendered":"<p class=\"c4\"><span class=\"c3\"><strong><span class=\"c2\"><img loading=\"lazy\" decoding=\"async\" class=\" wp-image-80491 alignleft\" src=\"http:\/\/albayane.press.ma\/wp-content\/uploads\/Fabrice-Nogma-PH-MACAO-RAJA-REAL-BETIS-26-1-230x130.jpg\" alt=\"\" width=\"210\" height=\"119\"\/>L<\/span>e Raja Casablanca a jou\u00e9, le Real Betis a gagn\u00e9. C\u2019est le verdict d\u2019un match amical disput\u00e9 entre les deux \u00e9quipes, dimanche en nocturne, au complexe sportif Mohammed V.<\/strong><\/span><\/p>\n<p class=\"c4\">Ce match amical compte beaucoup pour les formations marocaine et espagnole qui se pr\u00e9parent pour la nouvelle saison. Le club andalou qui a fini 10\u00e8me de la Liga (50 pts) et o\u00f9 \u00e9volue l\u2019international marocain Zouhair Feddal, compte dans ses rangs plusieurs grandes stars dont Joaquin, Marc Batra, Da Silva le Portugo-Br\u00e9silen, L\u2019Argentin Lossessio \u2026 et Nabil Fekir champion du monde avec la France en 2018 et qui s\u2019est dit\u00a0 content de rencontrer le Raja \u00e0 cette occasion. Tous ont foul\u00e9 le gazon du complexe Mohammed V et ont mouill\u00e9 leur maillot comme il fait en Liga\u2026<\/p>\n<p class=\"c4\">Apr\u00e8s avoir ouvert r\u00e9cemment une \u00e9cole de football \u00e0 F\u00e8s, le Real Betis est revenu \u00e0 Casablanca pour \u00e9taler ses prouesses techniques face au Raja qui voulait \u00e9galement profiter de l\u2019occasion afin de constituer une id\u00e9e sur l\u2019aptitude technico-physique de ses \u00e9l\u00e9ments, les locaux comme les nouvelles recrues dont le Congolais Fabrice Ngoma de l\u2019AS Vita Club, le Malien Salif Coulibaly\u2026 et d\u2019autres anciens de la bo\u00eete des Verts tel Mohcine Metoualli qui a r\u00e9ussi un bon match.<\/p>\n<p class=\"c4\">C\u2019est ainsi que ce match a tenu ses promesses pour le Raja qui l\u2019a abord\u00e9 comme s\u2019il jouait en Botola. Le Raja qui a tout fait a domin\u00e9 mais n\u2019a malheureusement pas gagn\u00e9. Les supporters nombreux ayant pris en assaut les gradins du complexe Mohammed V (46.000 personnes environ) ont attendu les 2 derni\u00e8res minutes de la rencontre pour voir le Real Betis faire l\u2019essentiel en\u00a0 visitant les filets du Raja suite \u00e0 une balle arr\u00eat\u00e9e venant d\u2019un corner et ma\u00eetris\u00e9e de la t\u00eate par Raul Garcia de Haro.<\/p>\n<p class=\"c4\">Les Verts rajaouis ont pourtant largement domin\u00e9 notamment en 2e mi-temps, mais sans concr\u00e9tiser. Ils auraient gagner par au moins deux \u00e0 trois buts de diff\u00e9rence sans la d\u00e9fense soud\u00e9e de B\u00e9tis autour de leur gardien qui a \u00e9t\u00e9 oblig\u00e9 de sortir le grand jeu pour sauver sa gage \u00e0 maintes reprises devant des r\u00e9elles tentatives de Mohcine Metoualli et Soufiane Rahimi ainsi que Mohammed Benhalib auteurs de plusieurs passes d\u00e9cisives.<\/p>\n<p class=\"c4\">Dans l\u2019ensemble, les joueurs rajoauis ont fait ce qu\u2019ils ont pu faire. Le r\u00e9sultat compte peu pour le coach fran\u00e7ais, Patrice Carteron, qui a pr\u00e9f\u00e9r\u00e9 changer son effectif dans le dernier quart d\u2019heure de jeu pour lancer dans le bain toute une formation de jeunes espoirs qui ont r\u00e9ussi le dos \u00e0 dos avant que les joueurs de S\u00e9ville ne fassent parler leur exp\u00e9rience et marquer le seul but de la rencontre.<\/p>\n<p class=\"c4\">Le plus important pour le Raja reste donc ce match amical face \u00e0 un v\u00e9ritable sparring-partner. Car\u00a0 la formation de S\u00e9ville qui tient souvent la drag\u00e9e haute aux grandes \u00e9quipes de la Liga, notamment le Real Madrid et le FC Barcelone, a tellement souffert dans cette sortie face au Raja qui a domin\u00e9 et qui a s\u00e9duit par son jeu.<\/p>\n<p class=\"c4\">Dans l\u2019ensemble, le Raja a refl\u00e9t\u00e9 une belle image sur les clubs du championnat national pouvant rivaliser avec les \u00e9quipes europ\u00e9ennes. Le Raja a lanc\u00e9 un v\u00e9ritable message aux responsables du football national et aux diff\u00e9rents entraineurs ayant succ\u00e9d\u00e9 \u00e0 la t\u00eate des Lions de l\u2019Atlas dont notamment le dernier, Herv\u00e9 Renard, qui ne croient pas au joueur botoliste et qui n\u2019accordent leur confiance qu\u2019aux professionnels de l\u2019\u00e9tranger m\u00eame si la plus part d\u2019entre eux n\u2019ont pas de place dans leurs clubs respectifs.<\/p>\n<p class=\"c4\">Mission donc accompli pour le Raja qui se pr\u00e9pare pour r\u00e9ussir mieux lors de la prochaine saison apr\u00e8s avoir termin\u00e9 2e du classement de la Botol avec 55 points, se qualifiant ainsi en compagnie de son voisin, le WAC champion, pour la Ligue des Champions d\u2019Afrique.<\/p>\n<p class=\"c4\">Le Raja, r\u00e9cemment vainqueur de deux titres africains, Coupe de la CAF et super coupe, venait donc de retrouver sa place en Ligue des champions apr\u00e8s une absence de 5 ans.<\/p>\n<p class=\"c4\">Les Vert entament la nouvelle aventure africaine d\u00e8s le week-end prochain. Ils vont se d\u00e9placer en Gambie ce jeudi pour affronter le club gambien de Brikama United, le 10 ao\u00fbt, alors que le match retour est pr\u00e9vu le 23 du m\u00eame mois pour le compte du tour pr\u00e9liminaire de la Ligue des Champions.<\/p>\n<p class=\"c5\"><strong>Rachid Lebchir<\/strong><\/p>\n<p>Auteur: M&rsquo;hammed rahal<br \/>\n<a href=\"http:\/\/albayane.press.ma\/match-amical-le-raja-sincline-sur-le-fil-face-au-real-betis.html\">Cliquez ici pour lire l&rsquo;article depuis sa source.<\/a><\/p>\n","protected":false},"excerpt":{"rendered":"<p>Le Raja Casablanca a jou\u00e9, le Real Betis a gagn\u00e9. C\u2019est le verdict d\u2019un match amical disput\u00e9 entre les deux \u00e9quipes, dimanche en nocturne, au complexe sportif Mohammed V. Ce match amical compte beaucoup pour les formations marocaine et espagnole qui se pr\u00e9parent pour la nouvelle saison. Le club andalou qui a fini 10\u00e8me de [&hellip;]<\/p>\n","protected":false},"author":1760,"featured_media":50436,"comment_status":"closed","ping_status":"closed","sticky":false,"template":"","format":"standard","meta":{"fifu_image_url":"","fifu_image_alt":"","footnotes":""},"categories":[73,54],"tags":[],"class_list":["post-50435","post","type-post","status-publish","format-standard","has-post-thumbnail","hentry","category-actualite","category-maroc"],"_links":{"self":[{"href":"https:\/\/linitiative.ca\/International\/wp-json\/wp\/v2\/posts\/50435","targetHints":{"allow":["GET"]}}],"collection":[{"href":"https:\/\/linitiative.ca\/International\/wp-json\/wp\/v2\/posts"}],"about":[{"href":"https:\/\/linitiative.ca\/International\/wp-json\/wp\/v2\/types\/post"}],"author":[{"embeddable":true,"href":"https:\/\/linitiative.ca\/International\/wp-json\/wp\/v2\/users\/1760"}],"replies":[{"embeddable":true,"href":"https:\/\/linitiative.ca\/International\/wp-json\/wp\/v2\/comments?post=50435"}],"version-history":[{"count":0,"href":"https:\/\/linitiative.ca\/International\/wp-json\/wp\/v2\/posts\/50435\/revisions"}],"wp:featuredmedia":[{"embeddable":true,"href":"https:\/\/linitiative.ca\/International\/wp-json\/"}],"wp:attachment":[{"href":"https:\/\/linitiative.ca\/International\/wp-json\/wp\/v2\/media?parent=50435"}],"wp:term":[{"taxonomy":"category","embeddable":true,"href":"https:\/\/linitiative.ca\/International\/wp-json\/wp\/v2\/categories?post=50435"},{"taxonomy":"post_tag","embeddable":true,"href":"https:\/\/linitiative.ca\/International\/wp-json\/wp\/v2\/tags?post=50435"}],"curies":[{"name":"wp","href":"https:\/\/api.w.org\/{rel}","templated":true}]}}