{"id":50438,"date":"2019-08-06T12:34:25","date_gmt":"2019-08-06T16:34:25","guid":{"rendered":"https:\/\/linitiative.ca\/International\/lutte-contre-les-fake-news-la-plate-forme-numerique-de-la-haica-testee-cette-semaine\/"},"modified":"2019-08-06T12:34:25","modified_gmt":"2019-08-06T16:34:25","slug":"lutte-contre-les-fake-news-la-plate-forme-numerique-de-la-haica-testee-cette-semaine","status":"publish","type":"post","link":"https:\/\/linitiative.ca\/International\/lutte-contre-les-fake-news-la-plate-forme-numerique-de-la-haica-testee-cette-semaine\/","title":{"rendered":"Lutte contre les fake news :  La plate-forme num\u00e9rique de la HAICA test\u00e9e cette semaine"},"content":{"rendered":"<p>La plate-forme num\u00e9rique visant \u00e0 lutter contre les informations mensong\u00e8res (fake news) sera test\u00e9e au cours de cette semaine.<\/p>\n<p>R\u00e9alis\u00e9 par la Haute Autorit\u00e9 Ind\u00e9pendante pour la Communication Audiovisuelle (HAICA), le projet est financ\u00e9 \u00e0 hauteur de 80 pc par l\u2019Union europ\u00e9enne et le Conseil de l\u2019Europe.<\/p>\n<p>Le pr\u00e9sident de la HAICA Nouri Lajmi, a d\u00e9clar\u00e9 samedi \u00e0 l\u2019Agence TAP que ce projet pilote qui est entr\u00e9 en phase d\u2019exp\u00e9rimentation avec la participation des m\u00e9dias publics \u00e0 l\u2019Instar de l\u2019Agence Tunis Afrique Presse, la t\u00e9l\u00e9vision nationale et la radio tunisienne, englobera, dans une \u00e9tape ult\u00e9rieure, le reste des institutions m\u00e9diatiques.<\/p>\n<p>La HAICA a entam\u00e9 ce samedi l\u2019organisation, sur deux jours, de la premi\u00e8re session de formation \u00e0 Monastir sur le fact checking (v\u00e9rification des faits). Une s\u00e9rie de rencontres similaires ciblant pr\u00e8s de 100 journalistes sont programm\u00e9es dans diff\u00e9rentes r\u00e9gions. L\u2019objectif consiste \u00e0 cr\u00e9er un r\u00e9seau de journalistes capables de lutter contre les fausses nouvelles.<\/p>\n<p>Nouri Lajmi a relev\u00e9 que la diffusion de fausses informations connait une recrudescence pendant la p\u00e9riode \u00e9lectorale en particulier sur la Toile et les r\u00e9seaux sociaux. Ces informations peuvent menacer le processus d\u00e9mocratique et la transparence des \u00e9lections, a-t-il mis en garde. Le pr\u00e9sident de la HAICA a insist\u00e9 sur le besoin de sensibiliser les journalistes quant \u00e0 la gravit\u00e9 de ces pratiques, en les initiant \u00e0 des techniques qui leur permettent de v\u00e9rifier les informations et l\u2019authenticit\u00e9 des photos et des s\u00e9quences vid\u00e9o.<\/p>\n<p>Ces formations s\u2019inscrivent dans le cadre du programme de soutien des Instances ind\u00e9pendantes en Tunisie lanc\u00e9 en juin 2019. Le programme (2019\/2020) est financ\u00e9 par l\u2019Union europ\u00e9enne et le Conseil de l\u2019Europe.<\/p>\n<p>Des sessions sont pr\u00e9vues les 5 et 6 ao\u00fbt \u00e0 Gafsa, les 7 et 8 ao\u00fbt \u00e0 Tataouine et les 9 et 10 ao\u00fbt \u00e0 Tunis.<\/p>\n<p class=\"dpsp-share-text\">Partager c&rsquo;est aimer!<\/p>\n<div class=\"wp-post-author-wrap wp-post-author-shortcode left\">\n<h3 class=\"awpa-title\"\/>\n<div class=\"wp-post-author\">\n<div class=\"awpa-img awpa-author-block square\"><a href=\"http:\/\/lexpertjournal.net\/fr\/author\/expert\/\"><img loading=\"lazy\" decoding=\"async\" alt=\"\" src=\"http:\/\/2.gravatar.com\/avatar\/56d99be2a6f97af88ccb49fada637fcd?s=150&#038;d=mm&#038;r=g\" srcset=\"http:\/\/2.gravatar.com\/avatar\/56d99be2a6f97af88ccb49fada637fcd?s=300&#038;d=mm&#038;r=g 2x\" class=\"avatar avatar-150 photo\" height=\"150\" width=\"150\"\/><\/a><\/div>\n<\/div>\n<\/div>\n<p>Auteur: L&rsquo;expert<br \/>\n<a href=\"http:\/\/lexpertjournal.net\/fr\/2019\/08\/03\/lutte-contre-les-fake-news-la-plate-forme-numerique-de-la-haica-testee-cette-semaine\/\">Cliquez ici pour lire l&rsquo;article depuis sa source.<\/a><\/p>\n","protected":false},"excerpt":{"rendered":"<p>La plate-forme num\u00e9rique visant \u00e0 lutter contre les informations mensong\u00e8res (fake news) sera test\u00e9e au cours de cette semaine. R\u00e9alis\u00e9 par la Haute Autorit\u00e9 Ind\u00e9pendante pour la Communication Audiovisuelle (HAICA), le projet est financ\u00e9 \u00e0 hauteur de 80 pc par l\u2019Union europ\u00e9enne et le Conseil de l\u2019Europe. Le pr\u00e9sident de la HAICA Nouri Lajmi, a [&hellip;]<\/p>\n","protected":false},"author":1775,"featured_media":0,"comment_status":"closed","ping_status":"closed","sticky":false,"template":"","format":"standard","meta":{"fifu_image_url":"","fifu_image_alt":"","footnotes":""},"categories":[78,55],"tags":[],"class_list":["post-50438","post","type-post","status-publish","format-standard","hentry","category-economie","category-tunisie"],"_links":{"self":[{"href":"https:\/\/linitiative.ca\/International\/wp-json\/wp\/v2\/posts\/50438","targetHints":{"allow":["GET"]}}],"collection":[{"href":"https:\/\/linitiative.ca\/International\/wp-json\/wp\/v2\/posts"}],"about":[{"href":"https:\/\/linitiative.ca\/International\/wp-json\/wp\/v2\/types\/post"}],"author":[{"embeddable":true,"href":"https:\/\/linitiative.ca\/International\/wp-json\/wp\/v2\/users\/1775"}],"replies":[{"embeddable":true,"href":"https:\/\/linitiative.ca\/International\/wp-json\/wp\/v2\/comments?post=50438"}],"version-history":[{"count":0,"href":"https:\/\/linitiative.ca\/International\/wp-json\/wp\/v2\/posts\/50438\/revisions"}],"wp:attachment":[{"href":"https:\/\/linitiative.ca\/International\/wp-json\/wp\/v2\/media?parent=50438"}],"wp:term":[{"taxonomy":"category","embeddable":true,"href":"https:\/\/linitiative.ca\/International\/wp-json\/wp\/v2\/categories?post=50438"},{"taxonomy":"post_tag","embeddable":true,"href":"https:\/\/linitiative.ca\/International\/wp-json\/wp\/v2\/tags?post=50438"}],"curies":[{"name":"wp","href":"https:\/\/api.w.org\/{rel}","templated":true}]}}