{"id":50448,"date":"2019-08-06T06:00:00","date_gmt":"2019-08-06T10:00:00","guid":{"rendered":"https:\/\/linitiative.ca\/International\/lelement-humain-mis-en-cause\/"},"modified":"2019-08-06T06:00:00","modified_gmt":"2019-08-06T10:00:00","slug":"lelement-humain-mis-en-cause","status":"publish","type":"post","link":"https:\/\/linitiative.ca\/International\/lelement-humain-mis-en-cause\/","title":{"rendered":"L\u2019\u00e9l\u00e9ment humain mis en cause"},"content":{"rendered":"<div id=\"originalText\" readability=\"81\">\n<p>Les incendies de for\u00eat ont touch\u00e9, entre le 1er juin et le 4 ao\u00fbt 2019, 38 wilayas sur les 40 couvertes par le dispositif de pr\u00e9vention et de lutte contre les feux de for\u00eat, \u00e0 l\u2019exception des wilayas de Biskra et d\u2019El-Bayadh, selon un bilan pr\u00e9sent\u00e9, hier, par la Direction g\u00e9n\u00e9rale des for\u00eats, qui pr\u00e9cise que la superficie totale parcourue par le feu est estim\u00e9e \u00e0 9 004 hectares engendr\u00e9s par 1 246 foyers d\u2019incendie dont 2 363 ha (26%) de for\u00eat, en majorit\u00e9 des pin\u00e8des, suivies de ch\u00eanaies, rares de\u00a0c\u00e9draies.<\/p>\n<p>Les wilayas les plus touch\u00e9es sont Tizi Ouzou qui arrive en t\u00eate avec 1 480 ha consum\u00e9s par le feu et un total de 196 foyers, suivie d\u2019A\u00efn Defla, de Tissemsilt et de B\u00e9ja\u00efa. Avec un total de 4 769 ha, ces 4 wilayas repr\u00e9sentent \u00e0 elles seules 53% du total des incendies de for\u00eat.\u00a0Dans le chapitre du bilan, il est \u00e0 d\u00e9plorer le d\u00e9c\u00e8s de trois personnes et de cinq singes magots. Pour autant, si l\u2019\u00e9t\u00e9 2019 est consid\u00e9r\u00e9 comme l\u2019un des plus chauds de la d\u00e9cennie, et que les d\u00e9parts de feu ont \u00e9t\u00e9 nombreux, les chiffres restent en de\u00e7\u00e0 du bilan de 2018 o\u00f9 54 000 ha ont \u00e9t\u00e9 touch\u00e9s.<\/p>\n<p>La situation sur le terrain est ma\u00eetris\u00e9e, a pr\u00e9cis\u00e9 aussi Mahmoudi Ali, le directeur g\u00e9n\u00e9ral des for\u00eats. S\u2019agissant des origines des feux de for\u00eat, l\u2019\u00e9l\u00e9ment humain est mis en cause.\u00a0Le DG des for\u00eats explique : \u201cNous ne sommes pas dans un climat \u00e0 grande perturbation o\u00f9 nous enregistrons des foudres, parce que c\u2019est le seul \u00e9l\u00e9ment naturel qui provoque le d\u00e9part de feu. L\u00e0 o\u00f9 nous sommes, \u00e7a ne peut \u00eatre que la main de l\u2019homme, m\u00eame si c\u2019est un fond de bouteille qui fait office de loupe, cette bouteille est venue dans un massif forestier \u00e0 cause de l\u2019homme.<\/p>\n<p>Mais nous on dit souvent que c\u2019est de l\u2019imprudence, c\u2019est ce qui fait que nous enregistrons des d\u00e9g\u00e2ts importants au niveau de nos massifs\u201d, a-t-il soutenu, en citant en exemple \u201cles propri\u00e9taires priv\u00e9s qui proc\u00e8dent au d\u00e9frichement de leur terre par le feu. Aussi, quand la main de l\u2019homme est suspect\u00e9e, l\u2019administration des for\u00eats d\u00e9pose plainte contre X aupr\u00e8s du parquet, et les enqu\u00eates sont confi\u00e9es \u00e0 la Gendarmerie nationale, mais la sp\u00e9cificit\u00e9 de cette ann\u00e9e est qu\u2019un ordre du commandement a \u00e9t\u00e9 donn\u00e9 \u00e0 toutes les unit\u00e9s de la gendarmerie d\u2019aller enqu\u00eater apr\u00e8s tous les incendies o\u00f9 nous suspectons la main de l\u2019homme\u201d.<\/p>\n<p class=\"c10\"><strong>AMAR R.<\/strong><\/p>\n<\/div>\n<div id=\"text_core\" readability=\"81\">\n<p>Les incendies de for\u00eat ont touch\u00e9, entre le 1er juin et le 4 ao\u00fbt 2019, 38 wilayas sur les 40 couvertes par le dispositif de pr\u00e9vention et de lutte contre les feux de for\u00eat, \u00e0 l\u2019exception des wilayas de Biskra et d\u2019El-Bayadh, selon un bilan pr\u00e9sent\u00e9, hier, par la Direction g\u00e9n\u00e9rale des for\u00eats, qui pr\u00e9cise que la superficie totale parcourue par le feu est estim\u00e9e \u00e0 9 004 hectares engendr\u00e9s par 1 246 foyers d\u2019incendie dont 2 363 ha (26%) de for\u00eat, en majorit\u00e9 des pin\u00e8des, suivies de ch\u00eanaies, rares de\u00a0c\u00e9draies.<\/p>\n<p>Les wilayas les plus touch\u00e9es sont Tizi Ouzou qui arrive en t\u00eate avec 1 480 ha consum\u00e9s par le feu et un total de 196 foyers, suivie d\u2019A\u00efn Defla, de Tissemsilt et de B\u00e9ja\u00efa. Avec un total de 4 769 ha, ces 4 wilayas repr\u00e9sentent \u00e0 elles seules 53% du total des incendies de for\u00eat.\u00a0Dans le chapitre du bilan, il est \u00e0 d\u00e9plorer le d\u00e9c\u00e8s de trois personnes et de cinq singes magots. Pour autant, si l\u2019\u00e9t\u00e9 2019 est consid\u00e9r\u00e9 comme l\u2019un des plus chauds de la d\u00e9cennie, et que les d\u00e9parts de feu ont \u00e9t\u00e9 nombreux, les chiffres restent en de\u00e7\u00e0 du bilan de 2018 o\u00f9 54 000 ha ont \u00e9t\u00e9 touch\u00e9s.<\/p>\n<p>La situation sur le terrain est ma\u00eetris\u00e9e, a pr\u00e9cis\u00e9 aussi Mahmoudi Ali, le directeur g\u00e9n\u00e9ral des for\u00eats. S\u2019agissant des origines des feux de for\u00eat, l\u2019\u00e9l\u00e9ment humain est mis en cause.\u00a0Le DG des for\u00eats explique : \u201cNous ne sommes pas dans un climat \u00e0 grande perturbation o\u00f9 nous enregistrons des foudres, parce que c\u2019est le seul \u00e9l\u00e9ment naturel qui provoque le d\u00e9part de feu. L\u00e0 o\u00f9 nous sommes, \u00e7a ne peut \u00eatre que la main de l\u2019homme, m\u00eame si c\u2019est un fond de bouteille qui fait office de loupe, cette bouteille est venue dans un massif forestier \u00e0 cause de l\u2019homme.<\/p>\n<p>Mais nous on dit souvent que c\u2019est de l\u2019imprudence, c\u2019est ce qui fait que nous enregistrons des d\u00e9g\u00e2ts importants au niveau de nos massifs\u201d, a-t-il soutenu, en citant en exemple \u201cles propri\u00e9taires priv\u00e9s qui proc\u00e8dent au d\u00e9frichement de leur terre par le feu. Aussi, quand la main de l\u2019homme est suspect\u00e9e, l\u2019administration des for\u00eats d\u00e9pose plainte contre X aupr\u00e8s du parquet, et les enqu\u00eates sont confi\u00e9es \u00e0 la Gendarmerie nationale, mais la sp\u00e9cificit\u00e9 de cette ann\u00e9e est qu\u2019un ordre du commandement a \u00e9t\u00e9 donn\u00e9 \u00e0 toutes les unit\u00e9s de la gendarmerie d\u2019aller enqu\u00eater apr\u00e8s tous les incendies o\u00f9 nous suspectons la main de l\u2019homme\u201d.<\/p>\n<p class=\"c10\"><strong>AMAR R.<\/strong><\/p>\n<\/div>\n<p>Auteur:<br \/>\n<a href=\"https:\/\/www.liberte-algerie.com\/actualite\/lelement-humain-mis-en-cause-321380\">Cliquez ici pour lire l&rsquo;article depuis sa source.<\/a><\/p>\n","protected":false},"excerpt":{"rendered":"<p>Les incendies de for\u00eat ont touch\u00e9, entre le 1er juin et le 4 ao\u00fbt 2019, 38 wilayas sur les 40 couvertes par le dispositif de pr\u00e9vention et de lutte contre les feux de for\u00eat, \u00e0 l\u2019exception des wilayas de Biskra et d\u2019El-Bayadh, selon un bilan pr\u00e9sent\u00e9, hier, par la Direction g\u00e9n\u00e9rale des for\u00eats, qui pr\u00e9cise [&hellip;]<\/p>\n","protected":false},"author":1742,"featured_media":0,"comment_status":"closed","ping_status":"closed","sticky":false,"template":"","format":"standard","meta":{"fifu_image_url":"","fifu_image_alt":"","footnotes":""},"categories":[73,53],"tags":[],"class_list":["post-50448","post","type-post","status-publish","format-standard","hentry","category-actualite","category-algerie"],"_links":{"self":[{"href":"https:\/\/linitiative.ca\/International\/wp-json\/wp\/v2\/posts\/50448","targetHints":{"allow":["GET"]}}],"collection":[{"href":"https:\/\/linitiative.ca\/International\/wp-json\/wp\/v2\/posts"}],"about":[{"href":"https:\/\/linitiative.ca\/International\/wp-json\/wp\/v2\/types\/post"}],"author":[{"embeddable":true,"href":"https:\/\/linitiative.ca\/International\/wp-json\/wp\/v2\/users\/1742"}],"replies":[{"embeddable":true,"href":"https:\/\/linitiative.ca\/International\/wp-json\/wp\/v2\/comments?post=50448"}],"version-history":[{"count":0,"href":"https:\/\/linitiative.ca\/International\/wp-json\/wp\/v2\/posts\/50448\/revisions"}],"wp:attachment":[{"href":"https:\/\/linitiative.ca\/International\/wp-json\/wp\/v2\/media?parent=50448"}],"wp:term":[{"taxonomy":"category","embeddable":true,"href":"https:\/\/linitiative.ca\/International\/wp-json\/wp\/v2\/categories?post=50448"},{"taxonomy":"post_tag","embeddable":true,"href":"https:\/\/linitiative.ca\/International\/wp-json\/wp\/v2\/tags?post=50448"}],"curies":[{"name":"wp","href":"https:\/\/api.w.org\/{rel}","templated":true}]}}