{"id":50450,"date":"2019-08-06T06:19:00","date_gmt":"2019-08-06T10:19:00","guid":{"rendered":"https:\/\/linitiative.ca\/International\/les-etudiants-en-force-les-retraites-largement-presents\/"},"modified":"2019-08-06T06:19:00","modified_gmt":"2019-08-06T10:19:00","slug":"les-etudiants-en-force-les-retraites-largement-presents","status":"publish","type":"post","link":"https:\/\/linitiative.ca\/International\/les-etudiants-en-force-les-retraites-largement-presents\/","title":{"rendered":"Les \u00e9tudiants en force, les retrait\u00e9s largement pr\u00e9sents"},"content":{"rendered":"<div id=\"originalText\" readability=\"52\">\n<p class=\"c10\">Des centaines d\u2019\u00e9tudiants ont investi le centre d\u2019Alger, peu avant 11h, pour leur 24e marche contre le syst\u00e8me.<\/p>\n<p><iframe loading=\"lazy\" allowfullscreen=\"true\" allowtransparency=\"true\" frameborder=\"0\" height=\"315\" scrolling=\"no\" src=\"https:\/\/www.facebook.com\/plugins\/video.php?href=https%3A%2F%2Fwww.facebook.com%2FJournaLiberteOfficiel%2Fvideos%2F488920435015541%2F&#038;show_text=0&#038;width=560\" class=\"c11\" width=\"560\">[embedded content]<\/iframe><\/p>\n<p class=\"c10\">Malgr\u00e9 le d\u00e9sagr\u00e9ment de la canicule, des dizaines de retrait\u00e9s, notamment de vieilles dames et des messieurs \u00e2g\u00e9s du voisinage ou alors simplement de passage, ont march\u00e9 aux c\u00f4t\u00e9s des \u00e9tudiants de la Place des Martyrs pour se diriger vers la Grande Poste d\u2019Alger, en passant par la Place l\u2019Emir Abdelkader.<\/p>\n<p class=\"c10\">Les manifestants scandent\u00a0\u00abjustice ind\u00e9pendante, presse libre\u00bb, et r\u00e9clament le \u00abd\u00e9part de Gaid Salah\u00bb.<\/p>\n<p><iframe loading=\"lazy\" allow=\"accelerometer; autoplay; encrypted-media; gyroscope; picture-in-picture\" allowfullscreen=\"\" frameborder=\"0\" height=\"315\" src=\"https:\/\/www.youtube.com\/embed\/sLirNJ17ufE\" width=\"560\">[embedded content]<\/iframe><\/p>\n<p class=\"c10\">Aucune interpellation de manifestants par les services de police n\u2019a \u00e9t\u00e9 signal\u00e9e pour l\u2019instant.<\/p>\n<p class=\"c12\"><strong>R\u00e9daction Web<\/strong><\/p>\n<\/div>\n<div id=\"text_core\" readability=\"52\">\n<p class=\"c10\">Des centaines d\u2019\u00e9tudiants ont investi le centre d\u2019Alger, peu avant 11h, pour leur 24e marche contre le syst\u00e8me.<\/p>\n<p><iframe loading=\"lazy\" allowfullscreen=\"true\" allowtransparency=\"true\" frameborder=\"0\" height=\"315\" scrolling=\"no\" src=\"https:\/\/www.facebook.com\/plugins\/video.php?href=https%3A%2F%2Fwww.facebook.com%2FJournaLiberteOfficiel%2Fvideos%2F488920435015541%2F&#038;show_text=0&#038;width=560\" class=\"c11\" width=\"560\">[embedded content]<\/iframe><\/p>\n<p class=\"c10\">Malgr\u00e9 le d\u00e9sagr\u00e9ment de la canicule, des dizaines de retrait\u00e9s, notamment de vieilles dames et des messieurs \u00e2g\u00e9s du voisinage ou alors simplement de passage, ont march\u00e9 aux c\u00f4t\u00e9s des \u00e9tudiants de la Place des Martyrs pour se diriger vers la Grande Poste d\u2019Alger, en passant par la Place l\u2019Emir Abdelkader.<\/p>\n<p class=\"c10\">Les manifestants scandent\u00a0\u00abjustice ind\u00e9pendante, presse libre\u00bb, et r\u00e9clament le \u00abd\u00e9part de Gaid Salah\u00bb.<\/p>\n<p><iframe loading=\"lazy\" allow=\"accelerometer; autoplay; encrypted-media; gyroscope; picture-in-picture\" allowfullscreen=\"\" frameborder=\"0\" height=\"315\" src=\"https:\/\/www.youtube.com\/embed\/sLirNJ17ufE\" width=\"560\">[embedded content]<\/iframe><\/p>\n<p class=\"c10\">Aucune interpellation de manifestants par les services de police n\u2019a \u00e9t\u00e9 signal\u00e9e pour l\u2019instant.<\/p>\n<p class=\"c12\"><strong>R\u00e9daction Web<\/strong><\/p>\n<\/div>\n<p>Auteur:<br \/>\n<a href=\"https:\/\/www.liberte-algerie.com\/actualite\/les-etudiants-en-force-les-retraites-largement-presents-321449\">Cliquez ici pour lire l&rsquo;article depuis sa source.<\/a><\/p>\n","protected":false},"excerpt":{"rendered":"<p>Des centaines d\u2019\u00e9tudiants ont investi le centre d\u2019Alger, peu avant 11h, pour leur 24e marche contre le syst\u00e8me. [embedded content] Malgr\u00e9 le d\u00e9sagr\u00e9ment de la canicule, des dizaines de retrait\u00e9s, notamment de vieilles dames et des messieurs \u00e2g\u00e9s du voisinage ou alors simplement de passage, ont march\u00e9 aux c\u00f4t\u00e9s des \u00e9tudiants de la Place des [&hellip;]<\/p>\n","protected":false},"author":1742,"featured_media":0,"comment_status":"closed","ping_status":"closed","sticky":false,"template":"","format":"standard","meta":{"fifu_image_url":"","fifu_image_alt":"","footnotes":""},"categories":[73,53],"tags":[],"class_list":["post-50450","post","type-post","status-publish","format-standard","hentry","category-actualite","category-algerie"],"_links":{"self":[{"href":"https:\/\/linitiative.ca\/International\/wp-json\/wp\/v2\/posts\/50450","targetHints":{"allow":["GET"]}}],"collection":[{"href":"https:\/\/linitiative.ca\/International\/wp-json\/wp\/v2\/posts"}],"about":[{"href":"https:\/\/linitiative.ca\/International\/wp-json\/wp\/v2\/types\/post"}],"author":[{"embeddable":true,"href":"https:\/\/linitiative.ca\/International\/wp-json\/wp\/v2\/users\/1742"}],"replies":[{"embeddable":true,"href":"https:\/\/linitiative.ca\/International\/wp-json\/wp\/v2\/comments?post=50450"}],"version-history":[{"count":0,"href":"https:\/\/linitiative.ca\/International\/wp-json\/wp\/v2\/posts\/50450\/revisions"}],"wp:attachment":[{"href":"https:\/\/linitiative.ca\/International\/wp-json\/wp\/v2\/media?parent=50450"}],"wp:term":[{"taxonomy":"category","embeddable":true,"href":"https:\/\/linitiative.ca\/International\/wp-json\/wp\/v2\/categories?post=50450"},{"taxonomy":"post_tag","embeddable":true,"href":"https:\/\/linitiative.ca\/International\/wp-json\/wp\/v2\/tags?post=50450"}],"curies":[{"name":"wp","href":"https:\/\/api.w.org\/{rel}","templated":true}]}}