{"id":50451,"date":"2019-08-06T06:27:00","date_gmt":"2019-08-06T10:27:00","guid":{"rendered":"https:\/\/linitiative.ca\/International\/niveau-de-vigilance-orange-a-skikda-annaba-et-el-tarf\/"},"modified":"2019-08-06T06:27:00","modified_gmt":"2019-08-06T10:27:00","slug":"niveau-de-vigilance-orange-a-skikda-annaba-et-el-tarf","status":"publish","type":"post","link":"https:\/\/linitiative.ca\/International\/niveau-de-vigilance-orange-a-skikda-annaba-et-el-tarf\/","title":{"rendered":"Niveau de vigilance Orange \u00e0 Skikda, Annaba et El-Tarf"},"content":{"rendered":"<div id=\"originalText\" readability=\"54.0896551724\">\n<p class=\"c10\">Une canicule est annonc\u00e9e dans certaines wilayas\u00a0 de l&rsquo;Est du pays, \u00e0 partir de ce mardi et jusqu&rsquo;au lendemain, mercredi, indique\u00a0 le Centre national des Pr\u00e9visions m\u00e9t\u00e9orologiques, dans un Bulletin\u00a0 m\u00e9t\u00e9orologique sp\u00e9cial (BMS), r\u00e9percut\u00e9 par l\u2019APS.<\/p>\n<p class=\"c10\">Les wilayas concern\u00e9es par cette canicule, et requ\u00e9rant un \u00ab\u00a0niveau de\u00a0 vigilance Orange\u00a0\u00bb,\u00a0 rapporte la m\u00eame source, sont Skikda, Annaba et El-Tarf\u00a0 o\u00f9 la temp\u00e9rature\u00a0 pr\u00e9vue atteindra ou d\u00e9passera localement 40 C, pr\u00e9cise le bulletin, dont la\u00a0 validit\u00e9 s&rsquo;\u00e9talera jusqu\u2019au mercredi 07 ao\u00fbt \u00e0 21h00.<\/p>\n<p class=\"c10\">Le Centre invite, ceux qui souhaitent avoir plus de pr\u00e9cisions, \u00e0\u00a0 consulter le site web de M\u00e9t\u00e9o Alg\u00e9rie (<a href=\"http:\/\/www.meteo.dz\/\" target=\"_blank\" rel=\"noopener noreferrer\"><span class=\"c11\">www.meteo.dz<\/span><\/a>).<\/p>\n<p class=\"c12\"><strong>R\u00e9daction Web<\/strong><\/p>\n<\/div>\n<div id=\"text_core\" readability=\"54.0896551724\">\n<p class=\"c10\">Une canicule est annonc\u00e9e dans certaines wilayas\u00a0 de l&rsquo;Est du pays, \u00e0 partir de ce mardi et jusqu&rsquo;au lendemain, mercredi, indique\u00a0 le Centre national des Pr\u00e9visions m\u00e9t\u00e9orologiques, dans un Bulletin\u00a0 m\u00e9t\u00e9orologique sp\u00e9cial (BMS), r\u00e9percut\u00e9 par l\u2019APS.<\/p>\n<p class=\"c10\">Les wilayas concern\u00e9es par cette canicule, et requ\u00e9rant un \u00ab\u00a0niveau de\u00a0 vigilance Orange\u00a0\u00bb,\u00a0 rapporte la m\u00eame source, sont Skikda, Annaba et El-Tarf\u00a0 o\u00f9 la temp\u00e9rature\u00a0 pr\u00e9vue atteindra ou d\u00e9passera localement 40 C, pr\u00e9cise le bulletin, dont la\u00a0 validit\u00e9 s&rsquo;\u00e9talera jusqu\u2019au mercredi 07 ao\u00fbt \u00e0 21h00.<\/p>\n<p class=\"c10\">Le Centre invite, ceux qui souhaitent avoir plus de pr\u00e9cisions, \u00e0\u00a0 consulter le site web de M\u00e9t\u00e9o Alg\u00e9rie (<a href=\"http:\/\/www.meteo.dz\/\" target=\"_blank\" rel=\"noopener noreferrer\"><span class=\"c11\">www.meteo.dz<\/span><\/a>).<\/p>\n<p class=\"c12\"><strong>R\u00e9daction Web<\/strong><\/p>\n<\/div>\n<p>Auteur:<br \/>\n<a href=\"https:\/\/www.liberte-algerie.com\/actualite\/niveau-de-vigilance-orange-a-skikda-annaba-et-el-tarf-321450\">Cliquez ici pour lire l&rsquo;article depuis sa source.<\/a><\/p>\n","protected":false},"excerpt":{"rendered":"<p>Une canicule est annonc\u00e9e dans certaines wilayas\u00a0 de l&rsquo;Est du pays, \u00e0 partir de ce mardi et jusqu&rsquo;au lendemain, mercredi, indique\u00a0 le Centre national des Pr\u00e9visions m\u00e9t\u00e9orologiques, dans un Bulletin\u00a0 m\u00e9t\u00e9orologique sp\u00e9cial (BMS), r\u00e9percut\u00e9 par l\u2019APS. Les wilayas concern\u00e9es par cette canicule, et requ\u00e9rant un \u00ab\u00a0niveau de\u00a0 vigilance Orange\u00a0\u00bb,\u00a0 rapporte la m\u00eame source, sont Skikda, [&hellip;]<\/p>\n","protected":false},"author":1742,"featured_media":0,"comment_status":"closed","ping_status":"closed","sticky":false,"template":"","format":"standard","meta":{"fifu_image_url":"","fifu_image_alt":"","footnotes":""},"categories":[73,53],"tags":[],"class_list":["post-50451","post","type-post","status-publish","format-standard","hentry","category-actualite","category-algerie"],"_links":{"self":[{"href":"https:\/\/linitiative.ca\/International\/wp-json\/wp\/v2\/posts\/50451","targetHints":{"allow":["GET"]}}],"collection":[{"href":"https:\/\/linitiative.ca\/International\/wp-json\/wp\/v2\/posts"}],"about":[{"href":"https:\/\/linitiative.ca\/International\/wp-json\/wp\/v2\/types\/post"}],"author":[{"embeddable":true,"href":"https:\/\/linitiative.ca\/International\/wp-json\/wp\/v2\/users\/1742"}],"replies":[{"embeddable":true,"href":"https:\/\/linitiative.ca\/International\/wp-json\/wp\/v2\/comments?post=50451"}],"version-history":[{"count":0,"href":"https:\/\/linitiative.ca\/International\/wp-json\/wp\/v2\/posts\/50451\/revisions"}],"wp:attachment":[{"href":"https:\/\/linitiative.ca\/International\/wp-json\/wp\/v2\/media?parent=50451"}],"wp:term":[{"taxonomy":"category","embeddable":true,"href":"https:\/\/linitiative.ca\/International\/wp-json\/wp\/v2\/categories?post=50451"},{"taxonomy":"post_tag","embeddable":true,"href":"https:\/\/linitiative.ca\/International\/wp-json\/wp\/v2\/tags?post=50451"}],"curies":[{"name":"wp","href":"https:\/\/api.w.org\/{rel}","templated":true}]}}