{"id":50460,"date":"2019-08-06T06:15:00","date_gmt":"2019-08-06T10:15:00","guid":{"rendered":"https:\/\/linitiative.ca\/International\/canicule-annoncee-dans-certaines-wilayas-de-lest-du-pays\/"},"modified":"2019-08-06T06:15:00","modified_gmt":"2019-08-06T10:15:00","slug":"canicule-annoncee-dans-certaines-wilayas-de-lest-du-pays","status":"publish","type":"post","link":"https:\/\/linitiative.ca\/International\/canicule-annoncee-dans-certaines-wilayas-de-lest-du-pays\/","title":{"rendered":"Canicule annonc\u00e9e dans certaines wilayas de l&rsquo;Est du pays"},"content":{"rendered":"<div>\n<div class=\"K2FeedImage\"><img decoding=\"async\" src=\"http:\/\/www.aps.dz\/media\/k2\/items\/cache\/fe25042101812ea67a10d88d04e11b8c_S.jpg\" alt=\"Canicule annonc\u00e9e dans certaines wilayas de l'Est du pays\"><\/div>\n<div class=\"K2FeedIntroText\">\n<p><strong>ALGER &#8211; Une canicule est annonc\u00e9e dans certaines wilayas de l&rsquo;Est du pays, \u00e0 partir de mardi jusqu&rsquo;au lendemain, mercredi, indique le Centre national des Pr\u00e9visions m\u00e9t\u00e9orologiques, dans un Bulletin m\u00e9t\u00e9orologique sp\u00e9cial (BMS).<\/strong><\/p>\n<\/div>\n<div class=\"K2FeedFullText\">\n<p>Les wilayas concern\u00e9es par cette canicule, requ\u00e9rant un \u00ab\u00a0niveau de vigilance Orange\u00a0\u00bb,\u00a0 sont Skikda, Annaba et El-Tarf\u00a0 o\u00f9 la temp\u00e9rature pr\u00e9vue atteindra ou d\u00e9passera localement 40 C, pr\u00e9cise le bulletin, dont la validit\u00e9 s&rsquo;\u00e9talera jusqu\u2019au mercredi 07 ao\u00fbt \u00e0 21h00.<\/p>\n<p>Le Centre in vite, ceux qui souhaitent avoir plus de pr\u00e9cisions, \u00e0 consulter le site web de M\u00e9t\u00e9o Alg\u00e9rie (www.m\u00e9t\u00e9o.dz).<\/p>\n<\/div>\n<\/div>\n<p>Auteur:<br \/>\n<a href=\"http:\/\/www.aps.dz\/regions\/92933-canicule-annoncee-dans-certaines-wilayas-de-l-est-du-pays\">Cliquez ici pour lire l&rsquo;article depuis sa source.<\/a><\/p>\n","protected":false},"excerpt":{"rendered":"<p>ALGER &#8211; Une canicule est annonc\u00e9e dans certaines wilayas de l&rsquo;Est du pays, \u00e0 partir de mardi jusqu&rsquo;au lendemain, mercredi, indique le Centre national des Pr\u00e9visions m\u00e9t\u00e9orologiques, dans un Bulletin m\u00e9t\u00e9orologique sp\u00e9cial (BMS). Les wilayas concern\u00e9es par cette canicule, requ\u00e9rant un \u00ab\u00a0niveau de vigilance Orange\u00a0\u00bb,\u00a0 sont Skikda, Annaba et El-Tarf\u00a0 o\u00f9 la temp\u00e9rature pr\u00e9vue atteindra [&hellip;]<\/p>\n","protected":false},"author":1790,"featured_media":50461,"comment_status":"closed","ping_status":"closed","sticky":false,"template":"","format":"standard","meta":{"fifu_image_url":"","fifu_image_alt":"","footnotes":""},"categories":[53,76],"tags":[],"class_list":["post-50460","post","type-post","status-publish","format-standard","has-post-thumbnail","hentry","category-algerie","category-regions"],"_links":{"self":[{"href":"https:\/\/linitiative.ca\/International\/wp-json\/wp\/v2\/posts\/50460","targetHints":{"allow":["GET"]}}],"collection":[{"href":"https:\/\/linitiative.ca\/International\/wp-json\/wp\/v2\/posts"}],"about":[{"href":"https:\/\/linitiative.ca\/International\/wp-json\/wp\/v2\/types\/post"}],"author":[{"embeddable":true,"href":"https:\/\/linitiative.ca\/International\/wp-json\/wp\/v2\/users\/1790"}],"replies":[{"embeddable":true,"href":"https:\/\/linitiative.ca\/International\/wp-json\/wp\/v2\/comments?post=50460"}],"version-history":[{"count":0,"href":"https:\/\/linitiative.ca\/International\/wp-json\/wp\/v2\/posts\/50460\/revisions"}],"wp:featuredmedia":[{"embeddable":true,"href":"https:\/\/linitiative.ca\/International\/wp-json\/"}],"wp:attachment":[{"href":"https:\/\/linitiative.ca\/International\/wp-json\/wp\/v2\/media?parent=50460"}],"wp:term":[{"taxonomy":"category","embeddable":true,"href":"https:\/\/linitiative.ca\/International\/wp-json\/wp\/v2\/categories?post=50460"},{"taxonomy":"post_tag","embeddable":true,"href":"https:\/\/linitiative.ca\/International\/wp-json\/wp\/v2\/tags?post=50460"}],"curies":[{"name":"wp","href":"https:\/\/api.w.org\/{rel}","templated":true}]}}