{"id":50462,"date":"2019-08-06T07:38:10","date_gmt":"2019-08-06T11:38:10","guid":{"rendered":"https:\/\/linitiative.ca\/International\/incendies-plus-de-3-000-palmiers-detruits-depuis-le-debut-de-lannee-a-ouargla\/"},"modified":"2019-08-06T07:38:10","modified_gmt":"2019-08-06T11:38:10","slug":"incendies-plus-de-3-000-palmiers-detruits-depuis-le-debut-de-lannee-a-ouargla","status":"publish","type":"post","link":"https:\/\/linitiative.ca\/International\/incendies-plus-de-3-000-palmiers-detruits-depuis-le-debut-de-lannee-a-ouargla\/","title":{"rendered":"Incendies: plus de 3.000 palmiers d\u00e9truits depuis le d\u00e9but de l&rsquo;ann\u00e9e \u00e0 Ouargla"},"content":{"rendered":"<div>\n<div class=\"K2FeedImage\"><img decoding=\"async\" src=\"http:\/\/www.aps.dz\/media\/k2\/items\/cache\/7bf79b60132ae52c288456214078f3be_S.jpg\" alt=\"Incendies: plus de 3.000 palmiers d\u00e9truits depuis le d\u00e9but de l'ann\u00e9e \u00e0 Ouargla\"><\/div>\n<div class=\"K2FeedIntroText\">\n<p><strong>OUARGLA &#8211; Pas moins de 3.046 palmiers ( productifs et autres), ont \u00e9t\u00e9 ravag\u00e9s par 269 foyers incendies qui s&rsquo;\u00e9taient d\u00e9clar\u00e9s entre d\u00e9but janvier et la fin de Juillet dernier dans les palmeraies de la wilaya d&rsquo;Ouargla, a-t-on appris mardi aupr\u00e8s des services de la direction de la protection civile (PC).<\/strong><\/p>\n<\/div>\n<div class=\"K2FeedFullText\">\n<p>Ces incendies qui ont d\u00e9truit \u00e9galement 6.165 m\u00e8tres lini\u00e8res de brise-vent, ont engendr\u00e9 d\u2019importants d\u00e9g\u00e2ts, notamment dans les p\u00e9rim\u00e8tres agricoles, D\u2019himi (commune de Megarine), Bab Sba\u00e2, Baka Beni Brahim (commune d\u2019Ouargla), Ain Sahra ( commune de Nezla), Ain Rba\u00e2 ( commune de Ain Beida), selon un communiqu\u00e9 de presse.\u00a0<\/p>\n<p>Les feux de palmeraies demeurent \u00e0 l\u2019origine de la destruction annuelle d\u2019un riche patrimoine phoenicicole dans la wilaya d\u2019Ouargla, source vivri\u00e8re pour la plupart de la population de cette r\u00e9gion.<\/p>\n<\/div>\n<\/div>\n<p>Auteur:<br \/>\n<a href=\"http:\/\/www.aps.dz\/regions\/92939-incendies-plus-de-3-000-palmiers-detruits-depuis-le-debut-de-l-annee-a-ouargla\">Cliquez ici pour lire l&rsquo;article depuis sa source.<\/a><\/p>\n","protected":false},"excerpt":{"rendered":"<p>OUARGLA &#8211; Pas moins de 3.046 palmiers ( productifs et autres), ont \u00e9t\u00e9 ravag\u00e9s par 269 foyers incendies qui s&rsquo;\u00e9taient d\u00e9clar\u00e9s entre d\u00e9but janvier et la fin de Juillet dernier dans les palmeraies de la wilaya d&rsquo;Ouargla, a-t-on appris mardi aupr\u00e8s des services de la direction de la protection civile (PC). Ces incendies qui ont [&hellip;]<\/p>\n","protected":false},"author":1790,"featured_media":50463,"comment_status":"closed","ping_status":"closed","sticky":false,"template":"","format":"standard","meta":{"fifu_image_url":"","fifu_image_alt":"","footnotes":""},"categories":[53,76],"tags":[],"class_list":["post-50462","post","type-post","status-publish","format-standard","has-post-thumbnail","hentry","category-algerie","category-regions"],"_links":{"self":[{"href":"https:\/\/linitiative.ca\/International\/wp-json\/wp\/v2\/posts\/50462","targetHints":{"allow":["GET"]}}],"collection":[{"href":"https:\/\/linitiative.ca\/International\/wp-json\/wp\/v2\/posts"}],"about":[{"href":"https:\/\/linitiative.ca\/International\/wp-json\/wp\/v2\/types\/post"}],"author":[{"embeddable":true,"href":"https:\/\/linitiative.ca\/International\/wp-json\/wp\/v2\/users\/1790"}],"replies":[{"embeddable":true,"href":"https:\/\/linitiative.ca\/International\/wp-json\/wp\/v2\/comments?post=50462"}],"version-history":[{"count":0,"href":"https:\/\/linitiative.ca\/International\/wp-json\/wp\/v2\/posts\/50462\/revisions"}],"wp:featuredmedia":[{"embeddable":true,"href":"https:\/\/linitiative.ca\/International\/wp-json\/"}],"wp:attachment":[{"href":"https:\/\/linitiative.ca\/International\/wp-json\/wp\/v2\/media?parent=50462"}],"wp:term":[{"taxonomy":"category","embeddable":true,"href":"https:\/\/linitiative.ca\/International\/wp-json\/wp\/v2\/categories?post=50462"},{"taxonomy":"post_tag","embeddable":true,"href":"https:\/\/linitiative.ca\/International\/wp-json\/wp\/v2\/tags?post=50462"}],"curies":[{"name":"wp","href":"https:\/\/api.w.org\/{rel}","templated":true}]}}