{"id":50488,"date":"2019-08-06T15:14:04","date_gmt":"2019-08-06T19:14:04","guid":{"rendered":"https:\/\/linitiative.ca\/International\/ligue-1-2-usma-les-usmistes-depuis-hier-au-niger\/"},"modified":"2019-08-06T15:14:04","modified_gmt":"2019-08-06T19:14:04","slug":"ligue-1-2-usma-les-usmistes-depuis-hier-au-niger","status":"publish","type":"post","link":"https:\/\/linitiative.ca\/International\/ligue-1-2-usma-les-usmistes-depuis-hier-au-niger\/","title":{"rendered":"Ligue 1 &amp; 2 : USMA : Les Usmistes depuis hier au Niger"},"content":{"rendered":"<div readability=\"32\">\n<p>Auteur : <span>Adel Cheraki<\/span> <span class=\"time\">mardi 06 ao\u00fbt 2019 14:02<\/span><\/p>\n<\/div>\n<div id=\"post_core\" readability=\"70\">\n<p>Comme il fallait s\u2019y attendre, c\u2019est dans la soir\u00e9e d\u2019hier que les joueurs de l\u2019USMA se sont envol\u00e9s pour le Niger afin de prendre part au tour pr\u00e9liminaire de la Ligue des champions. Cette premi\u00e8re manche se jouera en d\u00e9placement avant de disputer la seconde \u00e0 Alger. Pour les Rouge et Noir, cette premi\u00e8re rencontre est extr\u00eamement importante. Cela fait des semaines que le nouveau staff technique men\u00e9 par Bilel Dziri fait des pieds et des mains pour tenter de mettre en place une certaine coh\u00e9sion entre les joueurs. Normal, lorsqu\u2019on sait que l\u2019USMA a enregistr\u00e9 pas mal de nouvelles recrues cet \u00e9t\u00e9. C\u2019est dire que la premi\u00e8re mission africaine de Dziri est de tenter de revenir \u00e0 la maison avec un bon r\u00e9sultat avant de disputer la seconde manche. Les responsables du club ainsi que les joueurs comptent \u00e9norm\u00e9ment sur l\u2019exp\u00e9rience de Dziri, lui qui a jou\u00e9 un nombre important de rencontres d\u2019un tel niveau lorsqu\u2019il avait port\u00e9 les couleurs de l\u2019USMA.<\/p>\n<p><strong>Relever le d\u00e9fi malgr\u00e9 la crise<\/strong><br \/>D\u2019apr\u00e8s la plupart des joueurs que nous avons crois\u00e9s quelques minutes avant le d\u00e9part de l\u2019\u00e9quipe pour le Niger, ils sont unanimes \u00e0 dire qu\u2019ils veulent relever le d\u00e9fi malgr\u00e9 la situation financi\u00e8re difficile que connait l\u2019USMA en cette p\u00e9riode. Les comptes du club sont toujours gel\u00e9s et c\u2019est ce qui complique \u00e9norm\u00e9ment la situation de la direction. Les joueurs restent sans salaire depuis des mois et il est clair que cela ne peut qu\u2019influencer n\u00e9gativement sur le moral du groupe la veille de cette sortie africaine. Mais malgr\u00e9 cela, les camarades de Mohamed Lamine Zemmamouche veulent se montrer \u00e0 la hauteur.<\/p>\n<p><strong>Une d\u00e9l\u00e9gation de 32 personnes<\/strong><br \/>Et c\u2019est avec une d\u00e9l\u00e9gation compos\u00e9e de 32 personnes que les Usmistes ont quitt\u00e9 Alger dans la soir\u00e9e d\u2019hier. La d\u00e9l\u00e9gation a comport\u00e9 au total 19 joueurs et 13 membres entre le staff technique, m\u00e9dical et encadrement administratif. Pour ce qui est de la dur\u00e9e du vol, les Usmistes ont d\u00fb faire plus de 4h de vol en moyenne avant d\u2019arriver \u00e0 destination o\u00f9 les dirigeants du club adverse devaient les accueillir.<\/p>\n<p><strong>Briki, chef de d\u00e9l\u00e9gation<\/strong><br \/>Comme pour habitude, c\u2019est Mohamed Briki qui a accompagn\u00e9 l\u2019\u00e9quipe comme chef de d\u00e9l\u00e9gation lors de cette nouvelle mission africaine. Comme \u00e7a a toujours \u00e9t\u00e9 le cas, Briki \u00e9tait au soin hier soir. Il est arriv\u00e9 tr\u00e8s t\u00f4t \u00e0 l\u2019a\u00e9roport afin de se charger de l\u2019ensemble des formalit\u00e9s administratives. Il a par la suite remis les passeports aux joueurs et aux membres de la d\u00e9l\u00e9gation avant de prendre place au niveau de la salle d\u2019embarquement.<\/p>\n<p><strong>Premi\u00e8re s\u00e9ance aujourd\u2019hui<\/strong><br \/>Et c\u2019est dans l\u2019apr\u00e8s-midi d\u2019aujourd\u2019hui que les Usmistes effectueront leur premi\u00e8re s\u00e9ance d\u2019entra\u00eenement. Nous avons appris par ailleurs que le climat est assez bon ces jours-ci dans le pays, ce qui devrait rassurer le staff technique. Il y a m\u00eame eux quelques goutes de pluie dans la journ\u00e9e d\u2019hier, ce qui a fait baisser la temp\u00e9rature mais aussi le t\u00f4t d\u2019humidit\u00e9.<\/p>\n<p><strong>Publi\u00e9 dans :<\/strong> <span>USMA<\/span> <span>Dziri<\/span> <span>niger<\/span> <span>Briki<\/span><\/p>\n<\/div>\n<p>Auteur:<br \/>\n<a href=\"http:\/\/www.lebuteur.com\/article\/detail?titre=usma-les-usmistes-depuis-hier-au-niger&#038;id=90908&#038;utm_source=feedburner&#038;utm_medium=feed&#038;utm_campaign=Feed%3A+GalerieFArtciles+%28Les+derniers+articles++-+lebuteur.com%29\">Cliquez ici pour lire l&rsquo;article depuis sa source.<\/a><\/p>\n","protected":false},"excerpt":{"rendered":"<p>Auteur : Adel Cheraki mardi 06 ao\u00fbt 2019 14:02 Comme il fallait s\u2019y attendre, c\u2019est dans la soir\u00e9e d\u2019hier que les joueurs de l\u2019USMA se sont envol\u00e9s pour le Niger afin de prendre part au tour pr\u00e9liminaire de la Ligue des champions. Cette premi\u00e8re manche se jouera en d\u00e9placement avant de disputer la seconde \u00e0 [&hellip;]<\/p>\n","protected":false},"author":1738,"featured_media":50489,"comment_status":"closed","ping_status":"closed","sticky":false,"template":"","format":"standard","meta":{"fifu_image_url":"","fifu_image_alt":"","footnotes":""},"categories":[53,75],"tags":[],"class_list":["post-50488","post","type-post","status-publish","format-standard","has-post-thumbnail","hentry","category-algerie","category-sport"],"_links":{"self":[{"href":"https:\/\/linitiative.ca\/International\/wp-json\/wp\/v2\/posts\/50488","targetHints":{"allow":["GET"]}}],"collection":[{"href":"https:\/\/linitiative.ca\/International\/wp-json\/wp\/v2\/posts"}],"about":[{"href":"https:\/\/linitiative.ca\/International\/wp-json\/wp\/v2\/types\/post"}],"author":[{"embeddable":true,"href":"https:\/\/linitiative.ca\/International\/wp-json\/wp\/v2\/users\/1738"}],"replies":[{"embeddable":true,"href":"https:\/\/linitiative.ca\/International\/wp-json\/wp\/v2\/comments?post=50488"}],"version-history":[{"count":0,"href":"https:\/\/linitiative.ca\/International\/wp-json\/wp\/v2\/posts\/50488\/revisions"}],"wp:featuredmedia":[{"embeddable":true,"href":"https:\/\/linitiative.ca\/International\/wp-json\/"}],"wp:attachment":[{"href":"https:\/\/linitiative.ca\/International\/wp-json\/wp\/v2\/media?parent=50488"}],"wp:term":[{"taxonomy":"category","embeddable":true,"href":"https:\/\/linitiative.ca\/International\/wp-json\/wp\/v2\/categories?post=50488"},{"taxonomy":"post_tag","embeddable":true,"href":"https:\/\/linitiative.ca\/International\/wp-json\/wp\/v2\/tags?post=50488"}],"curies":[{"name":"wp","href":"https:\/\/api.w.org\/{rel}","templated":true}]}}