{"id":50520,"date":"2019-08-06T09:40:39","date_gmt":"2019-08-06T13:40:39","guid":{"rendered":"https:\/\/linitiative.ca\/International\/92944-ligue-2-le-coupe-d-envoi-fixe-au-23-aout\/"},"modified":"2019-08-06T09:40:39","modified_gmt":"2019-08-06T13:40:39","slug":"92944-ligue-2-le-coupe-d-envoi-fixe-au-23-aout","status":"publish","type":"post","link":"https:\/\/linitiative.ca\/International\/92944-ligue-2-le-coupe-d-envoi-fixe-au-23-aout\/","title":{"rendered":"Ligue 2 : le coupe d&rsquo;envoi fix\u00e9 au 23 ao\u00fbt"},"content":{"rendered":"<div>\n<div class=\"K2FeedImage\"><img decoding=\"async\" src=\"http:\/\/www.aps.dz\/media\/k2\/items\/cache\/41df17cfa3075018107dea4029d12158_S.jpg\" alt=\"Ligue 2 : le coupe d'envoi fix\u00e9 au 23 ao\u00fbt\"><\/div>\n<div class=\"K2FeedIntroText\">\n<p><strong>ALGER &#8211; Le coup d&rsquo;envoi du championnat de Ligue 2 sera donn\u00e9 le vendredi 23 ao\u00fbt avec le d\u00e9roulement de la premi\u00e8re journ\u00e9e, \u00e9tal\u00e9e sur deux jours, selon le calendrier d\u00e9voil\u00e9 lundi soir par la Ligue de football professionnel (LFP) sur son site officiel.<\/strong><\/p>\n<\/div>\n<div class=\"K2FeedFullText\">\n<p>L&rsquo;instance dirigeante de la comp\u00e9tition n\u2019a pas mentionn\u00e9 les stades o\u00f9 doivent accueillir l&rsquo;OM Arzew, l&rsquo;Amel Bou Sa\u00e2da, le RC Arba\u00e2 et l&rsquo;USM El Harrach.<\/p>\n<p>Contrairement aux rencontres de la Ligue 1 qui seront disput\u00e9es en nocturne, quatre matchs de la Ligue 2 se joueront \u00e0 partir de 17h00, faute d&rsquo;\u00e9clairage. Il s&rsquo;agit d&rsquo;OM Arzew &#8211; A Bou Sa\u00e2da, RC Relizane &#8211; MO B\u00e9ja\u00efa, RC Arba\u00e2 &#8211; JSM Skikda et Olympique M\u00e9d\u00e9a &#8211; USM El-Harrach.<\/p>\n<p>La LFP a \u00e9galement \u00e9tabli le calendrier des matchs de la 2e journ\u00e9e, pr\u00e9vus les vendredi 30 et samedi 31 ao\u00fbt.<\/p>\n<p>\u00a0<\/p>\n<p><span style=\"font-size: 14pt;\"><strong>1re journ\u00e9e :<\/strong><\/span><\/p>\n<p>\u00a0<\/p>\n<p>\u00a0\u00a0\u00a0\u00a0\u00a0\u00a0\u00a0\u00a0\u00a0\u00a0\u00a0 Vendredi 23 ao\u00fbt :<\/p>\n<p>Stade \u00e0 d\u00e9signer : OM Arzew &#8211; Amel Bou Sa\u00e2da (17h00)<\/p>\n<p>Relizane : RC Relizane &#8211; MC Sa\u00efda (17h00)<\/p>\n<p>Stade \u00e0 d\u00e9signer : RC Arba\u00e2 &#8211; JSM Skikda (17h00)<\/p>\n<p>M\u00e9d\u00e9a : Olympique M\u00e9d\u00e9a &#8211; USM El-Harrach (17h00)<\/p>\n<p>El-Eulma : MCE Eulma &#8211; ASM Oran (20h00)<\/p>\n<p>\u00a0\u00a0\u00a0\u00a0\u00a0\u00a0\u00a0\u00a0\u00a0\u00a0\u00a0<\/p>\n<p>\u00a0\u00a0\u00a0\u00a0\u00a0\u00a0\u00a0\u00a0\u00a0\u00a0\u00a0 Samedi 24 ao\u00fbt :<\/p>\n<p>B\u00e9ja\u00efa : JSM B\u00e9ja\u00efa &#8211; WA Tlemcen (20h00, huis clos)<\/p>\n<p>Tadjenanet : DRB Tadjenanet &#8211; USM Annaba (20h00)<\/p>\n<p>Khroub : AS Khroub &#8211; MO B\u00e9ja\u00efa (20h00)<\/p>\n<p>\u00a0<\/p>\n<p><span style=\"font-size: 14pt;\"><strong>2e journ\u00e9e :<\/strong><\/span><\/p>\n<p>\u00a0\u00a0\u00a0\u00a0\u00a0\u00a0\u00a0\u00a0\u00a0\u00a0\u00a0<\/p>\n<p>\u00a0\u00a0\u00a0\u00a0\u00a0\u00a0\u00a0\u00a0\u00a0\u00a0\u00a0 Vendredi 30 ao\u00fbt :<\/p>\n<p>Stade \u00e0 d\u00e9signer : Amel Bou Sa\u00e2da &#8211; JSM B\u00e9ja\u00efa<\/p>\n<p>Oran (Bouakeul) : ASM Oran &#8211; OM Arzew (17h00)<\/p>\n<p>Sa\u00efda : MC Sa\u00efda &#8211; MCE Eulma (17h00)<\/p>\n<p>Skikda : JSM Skikda &#8211; RC Relizane (17h00)<\/p>\n<p>\u00a0\u00a0\u00a0\u00a0\u00a0\u00a0\u00a0\u00a0\u00a0\u00a0\u00a0<\/p>\n<p>\u00a0\u00a0\u00a0\u00a0\u00a0\u00a0\u00a0\u00a0\u00a0\u00a0\u00a0 Samedi 31 ao\u00fbt :<\/p>\n<p>Stade \u00e0 d\u00e9signer : USM El-Harrach &#8211; RC Arba\u00e2<\/p>\n<p>B\u00e9ja\u00efa : MO B\u00e9ja\u00efa &#8211; DRB Tadjenanet (20h00)<\/p>\n<p>Tlemcen : WA Tlemcen &#8211; AS Khroub (20h00)<\/p>\n<p>Annaba : USM Annaba &#8211; Olympique M\u00e9d\u00e9a (20h00).<\/p>\n<\/div>\n<p><img loading=\"lazy\" decoding=\"async\" src=\"http:\/\/feeds.feedburner.com\/~r\/aps-sport\/~4\/dS44Jg70ZEs\" height=\"1\" width=\"1\" alt=\"\"><\/div>\n<p>Auteur:<br \/>\n<a href=\"http:\/\/www.aps.dz\/sport\/92944-ligue-2-le-coupe-d-envoi-fixe-au-23-aout?utm_source=feedburner&#038;utm_medium=feed&#038;utm_campaign=Feed%3A+aps-sport+%28APS+-+SPORT%29\">Cliquez ici pour lire l&rsquo;article depuis sa source.<\/a><\/p>\n","protected":false},"excerpt":{"rendered":"<p>ALGER &#8211; Le coup d&rsquo;envoi du championnat de Ligue 2 sera donn\u00e9 le vendredi 23 ao\u00fbt avec le d\u00e9roulement de la premi\u00e8re journ\u00e9e, \u00e9tal\u00e9e sur deux jours, selon le calendrier d\u00e9voil\u00e9 lundi soir par la Ligue de football professionnel (LFP) sur son site officiel. L&rsquo;instance dirigeante de la comp\u00e9tition n\u2019a pas mentionn\u00e9 les stades o\u00f9 [&hellip;]<\/p>\n","protected":false},"author":1790,"featured_media":50521,"comment_status":"closed","ping_status":"closed","sticky":false,"template":"","format":"standard","meta":{"fifu_image_url":"","fifu_image_alt":"","footnotes":""},"categories":[53,75],"tags":[],"class_list":["post-50520","post","type-post","status-publish","format-standard","has-post-thumbnail","hentry","category-algerie","category-sport"],"_links":{"self":[{"href":"https:\/\/linitiative.ca\/International\/wp-json\/wp\/v2\/posts\/50520","targetHints":{"allow":["GET"]}}],"collection":[{"href":"https:\/\/linitiative.ca\/International\/wp-json\/wp\/v2\/posts"}],"about":[{"href":"https:\/\/linitiative.ca\/International\/wp-json\/wp\/v2\/types\/post"}],"author":[{"embeddable":true,"href":"https:\/\/linitiative.ca\/International\/wp-json\/wp\/v2\/users\/1790"}],"replies":[{"embeddable":true,"href":"https:\/\/linitiative.ca\/International\/wp-json\/wp\/v2\/comments?post=50520"}],"version-history":[{"count":0,"href":"https:\/\/linitiative.ca\/International\/wp-json\/wp\/v2\/posts\/50520\/revisions"}],"wp:featuredmedia":[{"embeddable":true,"href":"https:\/\/linitiative.ca\/International\/wp-json\/"}],"wp:attachment":[{"href":"https:\/\/linitiative.ca\/International\/wp-json\/wp\/v2\/media?parent=50520"}],"wp:term":[{"taxonomy":"category","embeddable":true,"href":"https:\/\/linitiative.ca\/International\/wp-json\/wp\/v2\/categories?post=50520"},{"taxonomy":"post_tag","embeddable":true,"href":"https:\/\/linitiative.ca\/International\/wp-json\/wp\/v2\/tags?post=50520"}],"curies":[{"name":"wp","href":"https:\/\/api.w.org\/{rel}","templated":true}]}}