{"id":50547,"date":"2019-08-06T06:03:00","date_gmt":"2019-08-06T10:03:00","guid":{"rendered":"https:\/\/linitiative.ca\/International\/mohsen-marzouk-sa-candidature-a-la-presidentielle-donnera-au-debat-saveur-et-substance\/"},"modified":"2019-08-06T06:03:00","modified_gmt":"2019-08-06T10:03:00","slug":"mohsen-marzouk-sa-candidature-a-la-presidentielle-donnera-au-debat-saveur-et-substance","status":"publish","type":"post","link":"https:\/\/linitiative.ca\/International\/mohsen-marzouk-sa-candidature-a-la-presidentielle-donnera-au-debat-saveur-et-substance\/","title":{"rendered":"Mohsen Marzouk: \u00ab Sa candidature \u00e0 la pr\u00e9sidentielle donnera au d\u00e9bat saveur et substance \u00bb"},"content":{"rendered":"<p>La surprise serait que Mohsen Marzouk, leader du parti Machrou ne se pr\u00e9sente pas \u00e0 l\u2019\u00e9lection pr\u00e9sidentielle. Le bureau politique de son mouvement l\u2019en investira sans doute lors de sa r\u00e9union ce jeudi 8 ao\u00fbt. Quel est le sens de cette candidature? a demand\u00e9 Leaders \u00e0 l\u2019un de ses proches. \u00abTout naturellement, exposer et d\u00e9fendre les id\u00e9es et programmes du Machrou. On ne se lance pas en politique, encore plus en fondant un parti pour se soustraire au verdict des urnes\u00bb, dira-t-il?<\/p>\n<p>Quel serait le plus qu\u2019apportera Mohsen Marzouk \u00e0 ce scrutin ? La r\u00e9ponse de la m\u00eame source se veut convaincante. \u00ab D\u2019abord, Mohsen est un politique atypique, souligne-t-il. Issu du mouvement \u00e9tudiant des ann\u00e9es 70, format\u00e9 dans la soci\u00e9t\u00e9 civile tunisienne, arabe et internationale, investi aux c\u00f4t\u00e9s du Pr\u00e9sident Ca\u00efd Essebsi lors de la conqu\u00eate du pouvoir, puis durant le premier semestre \u00e0 Carthage, il partage une ADN assez particuli\u00e8re. Mais, c\u2019est surtout un connaisseur des aspirations nouvelles, des codes du temps pr\u00e9sent, et incubateur d\u2019id\u00e9es pertinentes. Son atout majeur, c\u2019est sa capacit\u00e9 \u00e0 enrichir le d\u00e9bat, tant par ses informations puis\u00e9es \u00e0 la bonne source que ses analyses judicieuses. Il donnera aux d\u00e9lib\u00e9rations saveur et substance. C\u2019est un debater redoutable.\u00bb<\/p>\n<p>Paroles d\u2019un suppporter irr\u00e9ductible.\u00a0<\/p>\n<p>Attendons la d\u00e9cision du bureau politique, ce jeudi. Candidat ou non, Mohsen Marzouk p\u00e8sera sans doute dans le d\u00e9bat.<\/p>\n<p>Auteur:<br \/>\n<a href=\"https:\/\/www.leaders.com.tn\/article\/27697-mohsen-marzouk-sa-candidature-a-la-presidentielle-donnera-au-debat-saveur-et-substance\">Cliquez ici pour lire l&rsquo;article depuis sa source.<\/a><\/p>\n","protected":false},"excerpt":{"rendered":"<p>La surprise serait que Mohsen Marzouk, leader du parti Machrou ne se pr\u00e9sente pas \u00e0 l\u2019\u00e9lection pr\u00e9sidentielle. Le bureau politique de son mouvement l\u2019en investira sans doute lors de sa r\u00e9union ce jeudi 8 ao\u00fbt. Quel est le sens de cette candidature? a demand\u00e9 Leaders \u00e0 l\u2019un de ses proches. \u00abTout naturellement, exposer et d\u00e9fendre [&hellip;]<\/p>\n","protected":false},"author":1772,"featured_media":0,"comment_status":"closed","ping_status":"closed","sticky":false,"template":"","format":"standard","meta":{"fifu_image_url":"","fifu_image_alt":"","footnotes":""},"categories":[73,55],"tags":[],"class_list":["post-50547","post","type-post","status-publish","format-standard","hentry","category-actualite","category-tunisie"],"_links":{"self":[{"href":"https:\/\/linitiative.ca\/International\/wp-json\/wp\/v2\/posts\/50547","targetHints":{"allow":["GET"]}}],"collection":[{"href":"https:\/\/linitiative.ca\/International\/wp-json\/wp\/v2\/posts"}],"about":[{"href":"https:\/\/linitiative.ca\/International\/wp-json\/wp\/v2\/types\/post"}],"author":[{"embeddable":true,"href":"https:\/\/linitiative.ca\/International\/wp-json\/wp\/v2\/users\/1772"}],"replies":[{"embeddable":true,"href":"https:\/\/linitiative.ca\/International\/wp-json\/wp\/v2\/comments?post=50547"}],"version-history":[{"count":0,"href":"https:\/\/linitiative.ca\/International\/wp-json\/wp\/v2\/posts\/50547\/revisions"}],"wp:attachment":[{"href":"https:\/\/linitiative.ca\/International\/wp-json\/wp\/v2\/media?parent=50547"}],"wp:term":[{"taxonomy":"category","embeddable":true,"href":"https:\/\/linitiative.ca\/International\/wp-json\/wp\/v2\/categories?post=50547"},{"taxonomy":"post_tag","embeddable":true,"href":"https:\/\/linitiative.ca\/International\/wp-json\/wp\/v2\/tags?post=50547"}],"curies":[{"name":"wp","href":"https:\/\/api.w.org\/{rel}","templated":true}]}}