{"id":50548,"date":"2019-08-06T06:21:00","date_gmt":"2019-08-06T10:21:00","guid":{"rendered":"https:\/\/linitiative.ca\/International\/ahmed-friaa-jaurais-tant-aime-nous-unir-autour-dune-candidature-federatrice-pour-remporter-la-presidentielle\/"},"modified":"2019-08-06T06:21:00","modified_gmt":"2019-08-06T10:21:00","slug":"ahmed-friaa-jaurais-tant-aime-nous-unir-autour-dune-candidature-federatrice-pour-remporter-la-presidentielle","status":"publish","type":"post","link":"https:\/\/linitiative.ca\/International\/ahmed-friaa-jaurais-tant-aime-nous-unir-autour-dune-candidature-federatrice-pour-remporter-la-presidentielle\/","title":{"rendered":"Ahmed Friaa: \u00ab J\u2019aurais tant aim\u00e9 nous unir autour d\u2019une candidature f\u00e9d\u00e9ratrice pour remporter la pr\u00e9sidentielle! \u00bb"},"content":{"rendered":"<p>Son objectif imm\u00e9diat, c\u2019est de pousser \u00ab les bonnes volont\u00e9s \u00bb \u00e0 s\u2019unir autour d\u2019une personnalit\u00e9 tunisienne consensuelle, et la porter en rassembleur \u00e0 la pr\u00e9sidence de la R\u00e9publique, \u00e0 travers un vote massif. Ahmed Friaa s\u2019y investit de toutes ses \u00e9nergies, multipliant les contacts laissant la voie ouverte \u00e0 toutes \u00ab les bonnes figures tangentes \u00bb. Pour cet agr\u00e9g\u00e9 de math\u00e9matiques et universitaire avant d\u2019\u00eatre plusieurs fois ministre et, en toute surprise, nomm\u00e9, le 12 janvier 2011, ministre de l\u2019Int\u00e9rieur, pendant 15 jours, \u00ab le genre pr\u00e9sidentiel pour la Tunisie nouvelle est d\u00e9terminant \u00bb dit-il \u00e0 Leaders. Ce qui compte le plus \u00e0 ses yeux, \u00ab c\u2019est de b\u00e2tir d\u2019ores et d\u00e9j\u00e0 une large majorit\u00e9 autour du futur pr\u00e9sident afin qu\u2019il exerce un mandat arbitral \u00bb.\u00a0<\/p>\n<p>Serait-il lui-m\u00eame candidat \u00e0 l\u2019\u00e9lection pr\u00e9sidentielle ? Ce n\u2019est pas sa priorit\u00e9 ces jours-ci. Il est plut\u00f4t dans \u00ab la construction d\u2019une alliance forte, conduisant \u00e0 la victoire un candidat \u00e0 la hauteur de la magistrature supr\u00eame. \u00bb Ahmed Friaa reste conscient des enjeux. Il n\u2019est pas \u00e0 la recherche absolue de la repr\u00e9sentation du peuple, mais dans la ferme d\u00e9termination, avec d\u2019autres, dans son incarnation. Il mettra sans doute \u00e0 profit les d\u00e9bats de la campagne \u00e9lectorale, d\u2019une mani\u00e8re ou d\u2019une autre, pour expliquer ses positions quant aux questions essentielles et d\u2019avenir pour la Tunisie. Homme de sciences et de technologies, pionnier des \u00e9nergies nouvelles et renouvelables, fervent lanceur de jeunes, Friaa hissera le niveau des d\u00e9bats, m\u00eame s\u2019il ne sera pas candidat. Encore plus, s\u2019il se lancera dans la course.\u00a0<\/p>\n<p>Verdict ce vendredi 9 ao\u00fbt \u00e0 la cl\u00f4ture des d\u00e9lais de d\u00e9p\u00f4t des candidatures.<\/p>\n<p>Auteur:<br \/>\n<a href=\"https:\/\/www.leaders.com.tn\/article\/27698-ahmed-friaa-j-aurais-tant-aime-nous-unir-autour-d-une-candidature-federatrice-pour-remporter-la-presidentielle\">Cliquez ici pour lire l&rsquo;article depuis sa source.<\/a><\/p>\n","protected":false},"excerpt":{"rendered":"<p>Son objectif imm\u00e9diat, c\u2019est de pousser \u00ab les bonnes volont\u00e9s \u00bb \u00e0 s\u2019unir autour d\u2019une personnalit\u00e9 tunisienne consensuelle, et la porter en rassembleur \u00e0 la pr\u00e9sidence de la R\u00e9publique, \u00e0 travers un vote massif. Ahmed Friaa s\u2019y investit de toutes ses \u00e9nergies, multipliant les contacts laissant la voie ouverte \u00e0 toutes \u00ab les bonnes figures [&hellip;]<\/p>\n","protected":false},"author":1772,"featured_media":0,"comment_status":"closed","ping_status":"closed","sticky":false,"template":"","format":"standard","meta":{"fifu_image_url":"","fifu_image_alt":"","footnotes":""},"categories":[73,55],"tags":[],"class_list":["post-50548","post","type-post","status-publish","format-standard","hentry","category-actualite","category-tunisie"],"_links":{"self":[{"href":"https:\/\/linitiative.ca\/International\/wp-json\/wp\/v2\/posts\/50548","targetHints":{"allow":["GET"]}}],"collection":[{"href":"https:\/\/linitiative.ca\/International\/wp-json\/wp\/v2\/posts"}],"about":[{"href":"https:\/\/linitiative.ca\/International\/wp-json\/wp\/v2\/types\/post"}],"author":[{"embeddable":true,"href":"https:\/\/linitiative.ca\/International\/wp-json\/wp\/v2\/users\/1772"}],"replies":[{"embeddable":true,"href":"https:\/\/linitiative.ca\/International\/wp-json\/wp\/v2\/comments?post=50548"}],"version-history":[{"count":0,"href":"https:\/\/linitiative.ca\/International\/wp-json\/wp\/v2\/posts\/50548\/revisions"}],"wp:attachment":[{"href":"https:\/\/linitiative.ca\/International\/wp-json\/wp\/v2\/media?parent=50548"}],"wp:term":[{"taxonomy":"category","embeddable":true,"href":"https:\/\/linitiative.ca\/International\/wp-json\/wp\/v2\/categories?post=50548"},{"taxonomy":"post_tag","embeddable":true,"href":"https:\/\/linitiative.ca\/International\/wp-json\/wp\/v2\/tags?post=50548"}],"curies":[{"name":"wp","href":"https:\/\/api.w.org\/{rel}","templated":true}]}}