{"id":50556,"date":"2019-08-06T06:00:00","date_gmt":"2019-08-06T10:00:00","guid":{"rendered":"https:\/\/linitiative.ca\/International\/messi-se-blesse-a-son-premier-entrainement\/"},"modified":"2019-08-06T06:00:00","modified_gmt":"2019-08-06T10:00:00","slug":"messi-se-blesse-a-son-premier-entrainement","status":"publish","type":"post","link":"https:\/\/linitiative.ca\/International\/messi-se-blesse-a-son-premier-entrainement\/","title":{"rendered":"Messi se blesse \u00e0 son premier entra\u00eenement"},"content":{"rendered":"<p>Le capitaine argentin de Barcelone Lionel Messi s&rsquo;est bless\u00e9 au mollet droit lors de son premier entra\u00eenement de reprise, et manquera la tourn\u00e9e de pr\u00e9-saison du Bar\u00e7a aux \u00c9tats-Unis, a annonc\u00e9 le club catalan via un communiqu\u00e9, lundi.<br \/>\u00abLes premiers examens indiquent qu&rsquo;il souffre d&rsquo;une l\u00e9sion de premier degr\u00e9 au niveau du muscle sol\u00e9aire\u00bb, a inform\u00e9 le Bar\u00e7a dans son communiqu\u00e9. Les \u00abblaugranas\u00bb n&rsquo;ont pas pr\u00e9cis\u00e9 la dur\u00e9e d&rsquo;indisponibilit\u00e9 de leur capitaine, et se sont limit\u00e9s \u00e0 pr\u00e9ciser que \u00abl&rsquo;\u00e9volution de sa blessure dictera sa disponibilit\u00e9\u00bb. Ce type de blessure n\u00e9cessite une \u00e0 deux semaines de r\u00e9tablissement en g\u00e9n\u00e9ral, alors que le FC Barcelone se d\u00e9placera chez l&rsquo;Athletic Bilbao dans dix jours pour la reprise du championnat espagnol. La vedette argentine restera \u00e0 Barcelone \u00abpour poursuivre sa r\u00e9cup\u00e9ration, et ne voyagera pas aux \u00c9tats-Unis pour la tourn\u00e9e\u00bb, a ajout\u00e9 le club catalan, qui s&rsquo;est envol\u00e9 lundi pour Miami o\u00f9 il affrontera Naples en amical mercredi. Messi venait \u00e0 peine de reprendre l&rsquo;entra\u00eenement avec le reste du groupe apr\u00e8s ses vacances et la Copa America disput\u00e9e avec l&rsquo;Argentine. Il a quitt\u00e9 la s\u00e9ance du lundi matin apr\u00e8s avoir senti une g\u00eane \u00e0 la jambe droite. L&rsquo;Argentin \u00e9tait apparu la veille au Camp Nou pour la pr\u00e9sentation de l&rsquo;effectif barcelonais version 2019-2020 aux supporters, avant d&rsquo;assister au succ\u00e8s des siens sur le fil 2-1 face \u00e0 Arsenal dans le cadre du Troph\u00e9e Gamper depuis les gradins.<\/p>\n<p>Auteur:<br \/>\n<a href=\"https:\/\/www.lesoirdalgerie.com\/sports\/messi-se-blesse-a-son-premier-entrainement-28246\">Cliquez ici pour lire l&rsquo;article depuis sa source.<\/a><\/p>\n","protected":false},"excerpt":{"rendered":"<p>Le capitaine argentin de Barcelone Lionel Messi s&rsquo;est bless\u00e9 au mollet droit lors de son premier entra\u00eenement de reprise, et manquera la tourn\u00e9e de pr\u00e9-saison du Bar\u00e7a aux \u00c9tats-Unis, a annonc\u00e9 le club catalan via un communiqu\u00e9, lundi.\u00abLes premiers examens indiquent qu&rsquo;il souffre d&rsquo;une l\u00e9sion de premier degr\u00e9 au niveau du muscle sol\u00e9aire\u00bb, a inform\u00e9 [&hellip;]<\/p>\n","protected":false},"author":1741,"featured_media":0,"comment_status":"closed","ping_status":"closed","sticky":false,"template":"","format":"standard","meta":{"fifu_image_url":"","fifu_image_alt":"","footnotes":""},"categories":[73,53],"tags":[],"class_list":["post-50556","post","type-post","status-publish","format-standard","hentry","category-actualite","category-algerie"],"_links":{"self":[{"href":"https:\/\/linitiative.ca\/International\/wp-json\/wp\/v2\/posts\/50556","targetHints":{"allow":["GET"]}}],"collection":[{"href":"https:\/\/linitiative.ca\/International\/wp-json\/wp\/v2\/posts"}],"about":[{"href":"https:\/\/linitiative.ca\/International\/wp-json\/wp\/v2\/types\/post"}],"author":[{"embeddable":true,"href":"https:\/\/linitiative.ca\/International\/wp-json\/wp\/v2\/users\/1741"}],"replies":[{"embeddable":true,"href":"https:\/\/linitiative.ca\/International\/wp-json\/wp\/v2\/comments?post=50556"}],"version-history":[{"count":0,"href":"https:\/\/linitiative.ca\/International\/wp-json\/wp\/v2\/posts\/50556\/revisions"}],"wp:attachment":[{"href":"https:\/\/linitiative.ca\/International\/wp-json\/wp\/v2\/media?parent=50556"}],"wp:term":[{"taxonomy":"category","embeddable":true,"href":"https:\/\/linitiative.ca\/International\/wp-json\/wp\/v2\/categories?post=50556"},{"taxonomy":"post_tag","embeddable":true,"href":"https:\/\/linitiative.ca\/International\/wp-json\/wp\/v2\/tags?post=50556"}],"curies":[{"name":"wp","href":"https:\/\/api.w.org\/{rel}","templated":true}]}}