{"id":50557,"date":"2019-08-06T06:00:00","date_gmt":"2019-08-06T10:00:00","guid":{"rendered":"https:\/\/linitiative.ca\/International\/les-memoires-de-cheniouni-abdelkader\/"},"modified":"2019-08-06T06:00:00","modified_gmt":"2019-08-06T10:00:00","slug":"les-memoires-de-cheniouni-abdelkader","status":"publish","type":"post","link":"https:\/\/linitiative.ca\/International\/les-memoires-de-cheniouni-abdelkader\/","title":{"rendered":"Les m\u00e9moires de Cheniouni Abdelkader"},"content":{"rendered":"<p>Abdelkader Cheniouni, c\u00e9l\u00e8bre journaliste-commentateur, qui jouit d\u2019une grande exp\u00e9rience, d\u00e9passant les quarante ann\u00e9es de m\u00e9tier, a d\u00e9cid\u00e9 de raconter son v\u00e9cu dans son livre intitul\u00e9 \u00abProlongations m\u00e9morielles\u00bb. Ayant d\u00e9but\u00e9 sa grande carri\u00e8re en 1974 \u00e0 la Radio nationale, Cheniouni, appr\u00e9ci\u00e9 des auditeurs et des t\u00e9l\u00e9spectateurs, lui qui avait d\u2019ailleurs pratiqu\u00e9 le football en cat\u00e9gories jeunes ainsi que le judo, a acquis une grande exp\u00e9rience en travaillant dans plusieurs cha\u00eenes de t\u00e9l\u00e9 : MBC TV Londres, ANN TV Londres, Abu Dhabi TV Al jazeera Sports devenue Beinsports o\u00f9 il a pass\u00e9 plus de 14 ans. Il a \u00e9galement travaill\u00e9 dans une radio locale \u00e0 Montr\u00e9al. Depuis 2016, il est conf\u00e9rencier de l\u2019International Society of Sport Sciences in the Arab World and Europe. Dans son livre, il retrace son parcours exceptionnel ; celui d\u2019un passionn\u00e9 du m\u00e9tier et du commentaire sportif. \u00abC\u2019est un ouvrage \u00e0 travers lequel j&rsquo;ai essay\u00e9 de relater les moments forts, voire les plus importants de ma carri\u00e8re (radio, tv et presse \u00e9crite) de plus de quarante ans aussi bien en Alg\u00e9rie qu&rsquo;\u00e0 l&rsquo;\u00e9tranger. Une carri\u00e8re que j&rsquo;avais commenc\u00e9e \u00e0 la radio nationale en 1974 et termin\u00e9e en 2018 \u00e0 BeinSports au Qatar\u00bb, nous dira Cheniouni qui partage le v\u00e9cu de sa carri\u00e8re en mettant en exergue les \u00e9v\u00e9nements sportifs importants qu\u2019il a v\u00e9cus en Alg\u00e9rie et ailleurs, avec \u00abquelques histoires et anecdotes inoubliables\u00bb.<br \/>R. S.<\/p>\n<p>Auteur:<br \/>\n<a href=\"https:\/\/www.lesoirdalgerie.com\/sports\/les-memoires-de-cheniouni-abdelkader-28245\">Cliquez ici pour lire l&rsquo;article depuis sa source.<\/a><\/p>\n","protected":false},"excerpt":{"rendered":"<p>Abdelkader Cheniouni, c\u00e9l\u00e8bre journaliste-commentateur, qui jouit d\u2019une grande exp\u00e9rience, d\u00e9passant les quarante ann\u00e9es de m\u00e9tier, a d\u00e9cid\u00e9 de raconter son v\u00e9cu dans son livre intitul\u00e9 \u00abProlongations m\u00e9morielles\u00bb. Ayant d\u00e9but\u00e9 sa grande carri\u00e8re en 1974 \u00e0 la Radio nationale, Cheniouni, appr\u00e9ci\u00e9 des auditeurs et des t\u00e9l\u00e9spectateurs, lui qui avait d\u2019ailleurs pratiqu\u00e9 le football en cat\u00e9gories jeunes [&hellip;]<\/p>\n","protected":false},"author":1741,"featured_media":0,"comment_status":"closed","ping_status":"closed","sticky":false,"template":"","format":"standard","meta":{"fifu_image_url":"","fifu_image_alt":"","footnotes":""},"categories":[73,53],"tags":[],"class_list":["post-50557","post","type-post","status-publish","format-standard","hentry","category-actualite","category-algerie"],"_links":{"self":[{"href":"https:\/\/linitiative.ca\/International\/wp-json\/wp\/v2\/posts\/50557","targetHints":{"allow":["GET"]}}],"collection":[{"href":"https:\/\/linitiative.ca\/International\/wp-json\/wp\/v2\/posts"}],"about":[{"href":"https:\/\/linitiative.ca\/International\/wp-json\/wp\/v2\/types\/post"}],"author":[{"embeddable":true,"href":"https:\/\/linitiative.ca\/International\/wp-json\/wp\/v2\/users\/1741"}],"replies":[{"embeddable":true,"href":"https:\/\/linitiative.ca\/International\/wp-json\/wp\/v2\/comments?post=50557"}],"version-history":[{"count":0,"href":"https:\/\/linitiative.ca\/International\/wp-json\/wp\/v2\/posts\/50557\/revisions"}],"wp:attachment":[{"href":"https:\/\/linitiative.ca\/International\/wp-json\/wp\/v2\/media?parent=50557"}],"wp:term":[{"taxonomy":"category","embeddable":true,"href":"https:\/\/linitiative.ca\/International\/wp-json\/wp\/v2\/categories?post=50557"},{"taxonomy":"post_tag","embeddable":true,"href":"https:\/\/linitiative.ca\/International\/wp-json\/wp\/v2\/tags?post=50557"}],"curies":[{"name":"wp","href":"https:\/\/api.w.org\/{rel}","templated":true}]}}