{"id":50559,"date":"2019-08-06T06:00:00","date_gmt":"2019-08-06T10:00:00","guid":{"rendered":"https:\/\/linitiative.ca\/International\/bennacer-sadresse-aux-supporters-dempoli\/"},"modified":"2019-08-06T06:00:00","modified_gmt":"2019-08-06T10:00:00","slug":"bennacer-sadresse-aux-supporters-dempoli","status":"publish","type":"post","link":"https:\/\/linitiative.ca\/International\/bennacer-sadresse-aux-supporters-dempoli\/","title":{"rendered":"Bennacer s\u2019adresse aux supporters d\u2019Empoli"},"content":{"rendered":"<p>Aussit\u00f4t son transfert au Milan AC officialis\u00e9 dimanche matin, Isma\u00ebl Bennacer, par le biais d\u2019un message sur son compte Tweeter, s\u2019est adress\u00e9 aux supporters d\u2019Empoli, son ancienne \u00e9quipe avec laquelle il a pass\u00e9 deux saisons et d\u00e9couvert le Calcio.<br \/>\u00abChers fans, il est temps pour moi d\u2019\u00e9crire une nouvelle page dans ma carri\u00e8re. Apr\u00e8s deux saisons \u00e0 Empoli, j\u2019ai d\u00e9cid\u00e9 de m\u2019engager avec le Milan AC. Avec mes co\u00e9quipiers, nous avons tout donn\u00e9 pour assurer le maintien du club en Serie A. Malheureusement, nous n\u2019avons pas atteint cet objectif, ce qui reste une grande d\u00e9ception dans ma carri\u00e8re de footballeur. J\u2019avais un peu d\u2019appr\u00e9hension avant de rejoindre Empoli, mais finalement, je me suis senti tr\u00e8s \u00e0 l\u2019aise dans cette ville o\u00f9 la langue et la culture sont diff\u00e9rentes de ce que j\u2019avais connues avant. Voila pourquoi j\u2019aimerais remercier toutes les personnes que j\u2019ai rencontr\u00e9es ici : les dirigeants, le staff, les supporters et mes co\u00e9quipiers. J\u2019esp\u00e8re avoir laiss\u00e9 un bon souvenir de mon passage ici. Pour ma part, je n\u2019oublierai jamais ces deux saisons \u00e0 Empoli. Isma\u00ebl Bennacer \u00bb. Arriv\u00e9 le 31 ao\u00fbt 2017 \u00e0 Empoli en provenance d\u2019Arsenal, Isma\u00ebl Bennacer a commenc\u00e9 sa carri\u00e8re dans l\u2019\u00e9quipe de Arles-Avignon, sa ville natale. Vite rep\u00e9r\u00e9 par Arsenal qu\u2019il a rejoint alors qu\u2019il n\u2019avait pas encore 18 ans. Ag\u00e9 de 21 ans (il f\u00eatera ses 22 ans le 1er d\u00e9cembre prochain), Bennacer a \u00e9t\u00e9 \u00e9lu meilleur joueur de la Coupe d\u2019Afrique des nations (CAN-2019) avec les Verts et l\u2019homme du match de la finale. De p\u00e8re marocain et de m\u00e8re alg\u00e9rienne, et ayant port\u00e9 les couleurs tricolores des U18 et U19, Bennacer a choisi les Verts avec lesquels il a disput\u00e9 sa premi\u00e8re rencontre le 4 septembre 2016 contre le Lesotho dans le cadre des qualifications de la CAN-2017 alors qu\u2019il n\u2019avait pas encore 20 ans au temps du s\u00e9lectionneur Milovan Rajevac. Avec les Verts, c\u2019est une belle histoire qui s\u2019\u00e9crit avec des lettres d\u2019or. Isma\u00ebl Bennacer a impressionn\u00e9 tout le monde lors de la 32e Coupe d\u2019Afrique des nations. Amateur des nouvelles technologies et des r\u00e9seaux sociaux, le natif d\u2019Arles n\u2019h\u00e9site pas \u00e0 partager son quotidien sportif avec pr\u00e8s de 240 000 fans sur sa page Facebook. Sa cote n\u2019a cess\u00e9 de grimper. Arriv\u00e9 \u00e0 Arsenal en 2015 pour 300 000 euros, il avait \u00e9t\u00e9 c\u00e9d\u00e9 \u00e0 Empoli le 21 ao\u00fbt 2017 pour 1 million d\u2019euros avant de rejoindre Milan AC pour plus de 16 millions d\u2019euros\u2026<br \/>Ah. A.<\/p>\n<p>Auteur:<br \/>\n<a href=\"https:\/\/www.lesoirdalgerie.com\/sports\/bennacer-sadresse-aux-supporters-dempoli-28243\">Cliquez ici pour lire l&rsquo;article depuis sa source.<\/a><\/p>\n","protected":false},"excerpt":{"rendered":"<p>Aussit\u00f4t son transfert au Milan AC officialis\u00e9 dimanche matin, Isma\u00ebl Bennacer, par le biais d\u2019un message sur son compte Tweeter, s\u2019est adress\u00e9 aux supporters d\u2019Empoli, son ancienne \u00e9quipe avec laquelle il a pass\u00e9 deux saisons et d\u00e9couvert le Calcio.\u00abChers fans, il est temps pour moi d\u2019\u00e9crire une nouvelle page dans ma carri\u00e8re. Apr\u00e8s deux saisons [&hellip;]<\/p>\n","protected":false},"author":1741,"featured_media":0,"comment_status":"closed","ping_status":"closed","sticky":false,"template":"","format":"standard","meta":{"fifu_image_url":"","fifu_image_alt":"","footnotes":""},"categories":[73,53],"tags":[],"class_list":["post-50559","post","type-post","status-publish","format-standard","hentry","category-actualite","category-algerie"],"_links":{"self":[{"href":"https:\/\/linitiative.ca\/International\/wp-json\/wp\/v2\/posts\/50559","targetHints":{"allow":["GET"]}}],"collection":[{"href":"https:\/\/linitiative.ca\/International\/wp-json\/wp\/v2\/posts"}],"about":[{"href":"https:\/\/linitiative.ca\/International\/wp-json\/wp\/v2\/types\/post"}],"author":[{"embeddable":true,"href":"https:\/\/linitiative.ca\/International\/wp-json\/wp\/v2\/users\/1741"}],"replies":[{"embeddable":true,"href":"https:\/\/linitiative.ca\/International\/wp-json\/wp\/v2\/comments?post=50559"}],"version-history":[{"count":0,"href":"https:\/\/linitiative.ca\/International\/wp-json\/wp\/v2\/posts\/50559\/revisions"}],"wp:attachment":[{"href":"https:\/\/linitiative.ca\/International\/wp-json\/wp\/v2\/media?parent=50559"}],"wp:term":[{"taxonomy":"category","embeddable":true,"href":"https:\/\/linitiative.ca\/International\/wp-json\/wp\/v2\/categories?post=50559"},{"taxonomy":"post_tag","embeddable":true,"href":"https:\/\/linitiative.ca\/International\/wp-json\/wp\/v2\/tags?post=50559"}],"curies":[{"name":"wp","href":"https:\/\/api.w.org\/{rel}","templated":true}]}}