{"id":50568,"date":"2019-08-06T07:32:49","date_gmt":"2019-08-06T11:32:49","guid":{"rendered":"https:\/\/linitiative.ca\/International\/ksar-el-kebir-arrestation-dun-enseignant-pour-incitation-au-terrorisme\/"},"modified":"2019-08-06T07:32:49","modified_gmt":"2019-08-06T11:32:49","slug":"ksar-el-kebir-arrestation-dun-enseignant-pour-incitation-au-terrorisme","status":"publish","type":"post","link":"https:\/\/linitiative.ca\/International\/ksar-el-kebir-arrestation-dun-enseignant-pour-incitation-au-terrorisme\/","title":{"rendered":"Ksar El K\u00e9bir : arrestation d\u2019un enseignant pour incitation au terrorisme"},"content":{"rendered":"<p><strong>Un enseignant d\u2019\u00e9cole primaire a \u00e9t\u00e9 appr\u00e9hend\u00e9 lundi \u00e0 cause de son implication pr\u00e9sum\u00e9e dans une affaire d\u2019incitation \u00e0 des actes terroristes.<\/strong><\/p>\n<div class=\"c10\"\/>\n<p>Le mis en cause, \u00e2g\u00e9 de 26 ans, a \u00e9t\u00e9 interpell\u00e9 dans la ville de <strong>Ksar El K\u00e9bir<\/strong> apr\u00e8s avoir publi\u00e9 un post sur <strong>Facebook<\/strong> dans lequel il incitait \u00e0 la d\u00e9capitation des <strong>touristes belges<\/strong>\u00a0venues au Maroc faire du b\u00e9n\u00e9volat.<\/p>\n<div class=\"wp-block-embed__wrapper\">\n<blockquote class=\"twitter-tweet\" data-width=\"550\" data-dnt=\"true\">\n<p lang=\"ar\" dir=\"rtl\"><a href=\"https:\/\/twitter.com\/hashtag\/%D9%85%D9%83%D8%A7%D9%81%D8%AD%D8%A9%D8%A7%D9%84%D8%A5%D8%B1%D9%87%D8%A7%D8%A8_%D9%88%D8%A7%D9%84%D8%AA%D8%B7%D8%B1%D9%81?src=hash&#038;ref_src=twsrc%5Etfw\">#\u0645\u0643\u0627\u0641\u062d\u0629\u0627\u0644\u0625\u0631\u0647\u0627\u0628_\u0648\u0627\u0644\u062a\u0637\u0631\u0641<\/a><br \/>\u0623\u0648\u0642\u0641\u062a \u0627\u0644\u0641\u0631\u0642\u0629 \u0627\u0644\u0648\u0637\u0646\u064a\u0629 \u0644\u0644\u0634\u0631\u0637\u0629 \u0627\u0644\u0642\u0636\u0627\u0626\u064a\u0629 \u0628\u062a\u0646\u0633\u064a\u0642 \u0645\u0639 \u0627\u0644\u0645\u062f\u064a\u0631\u064a\u0629 \u0627\u0644\u0639\u0627\u0645\u0629 \u0644\u0645\u0631\u0627\u0642\u0628\u0629 \u0627\u0644\u062a\u0631\u0627\u0628 \u0627\u0644\u0648\u0637\u0646\u064a\u060c \u0645\u0633\u0627\u0621 \u0623\u0645\u0633 \u0627\u0644\u0627\u062b\u0646\u064a\u0646\u060c \u0623\u0633\u062a\u0627\u0630\u0627 \u0644\u0644\u062a\u0639\u0644\u064a\u0645 \u0627\u0644\u0627\u0628\u062a\u062f\u0627\u0626\u064a(26\u0633\u0646\u0629) \u0628\u0639\u062f \u0646\u0634\u0631\u0647 \u0644\u062a\u062f\u0648\u064a\u0646\u0629 \u064a\u0634\u064a\u062f \u0641\u064a\u0647\u0627 \u0628\u0623\u0639\u0645\u0627\u0644 \u0625\u0631\u0647\u0627\u0628\u064a\u0629 \u0648\u064a\u062d\u0631\u0636 \u0639\u0644\u0649 \u0627\u0631\u062a\u0643\u0627\u0628 \u062c\u0631\u0627\u0626\u0645 \u062e\u0637\u064a\u0631\u0629 \u0641\u064a \u062d\u0642 \u0633\u0627\u0626\u062d\u0627\u062a \u0623\u062c\u0646\u0628\u064a\u0627\u062a. <a href=\"https:\/\/t.co\/osYjyTRldq\">pic.twitter.com\/osYjyTRldq<\/a><\/p>\n<p>\u2014 DGSN MAROC (@DGSN_MAROC) <a href=\"https:\/\/twitter.com\/DGSN_MAROC\/status\/1158629894550691840?ref_src=twsrc%5Etfw\">August 6, 2019<\/a><\/p><\/blockquote>\n<\/div>\n<p>Suite aux fouilles men\u00e9es apr\u00e8s l\u2019arrestation de l\u2019<strong>enseignant<\/strong>, les services de s\u00e9curit\u00e9 ont saisi un ordinateur portable et un t\u00e9l\u00e9phone mobile que le suspect aurait utilis\u00e9s pour publier le post Facebook. Ce dernier a \u00e9t\u00e9 plac\u00e9 en garde \u00e0 vue pour les besoins de l\u2019enqu\u00eate men\u00e9e sous la supervision du parquet sp\u00e9cialis\u00e9 dans les affaires de terrorisme, en vue de d\u00e9terminer les tenants et aboutissants de cette affaire et l\u2019ensemble de ses mobiles et circonstances, souligne la Direction g\u00e9n\u00e9rale de la S\u00fbret\u00e9 nationale.<\/p>\n<div class=\"c17\">\n<fieldset class=\"c16\">\n<legend><strong><span class=\"c11\">Challenge<\/span><span class=\"c12\">news<\/span><\/strong><\/legend>\n<div class=\"c15\">Le meilleur de la r\u00e9daction s\u00e9lectionn\u00e9 par Challenge :<\/p>\n<\/div>\n<\/fieldset>\n<\/div>\n<p>Auteur: Hajar DARI<br \/>\n<a href=\"https:\/\/www.challenge.ma\/ksar-el-kebir-arrestation-dun-enseignant-pour-incitation-au-terrorisme-115052\/\">Cliquez ici pour lire l&rsquo;article depuis sa source.<\/a><\/p>\n","protected":false},"excerpt":{"rendered":"<p>Un enseignant d\u2019\u00e9cole primaire a \u00e9t\u00e9 appr\u00e9hend\u00e9 lundi \u00e0 cause de son implication pr\u00e9sum\u00e9e dans une affaire d\u2019incitation \u00e0 des actes terroristes. Le mis en cause, \u00e2g\u00e9 de 26 ans, a \u00e9t\u00e9 interpell\u00e9 dans la ville de Ksar El K\u00e9bir apr\u00e8s avoir publi\u00e9 un post sur Facebook dans lequel il incitait \u00e0 la d\u00e9capitation des [&hellip;]<\/p>\n","protected":false},"author":1787,"featured_media":0,"comment_status":"closed","ping_status":"closed","sticky":false,"template":"","format":"standard","meta":{"fifu_image_url":"","fifu_image_alt":"","footnotes":""},"categories":[78,54],"tags":[],"class_list":["post-50568","post","type-post","status-publish","format-standard","hentry","category-economie","category-maroc"],"_links":{"self":[{"href":"https:\/\/linitiative.ca\/International\/wp-json\/wp\/v2\/posts\/50568","targetHints":{"allow":["GET"]}}],"collection":[{"href":"https:\/\/linitiative.ca\/International\/wp-json\/wp\/v2\/posts"}],"about":[{"href":"https:\/\/linitiative.ca\/International\/wp-json\/wp\/v2\/types\/post"}],"author":[{"embeddable":true,"href":"https:\/\/linitiative.ca\/International\/wp-json\/wp\/v2\/users\/1787"}],"replies":[{"embeddable":true,"href":"https:\/\/linitiative.ca\/International\/wp-json\/wp\/v2\/comments?post=50568"}],"version-history":[{"count":0,"href":"https:\/\/linitiative.ca\/International\/wp-json\/wp\/v2\/posts\/50568\/revisions"}],"wp:attachment":[{"href":"https:\/\/linitiative.ca\/International\/wp-json\/wp\/v2\/media?parent=50568"}],"wp:term":[{"taxonomy":"category","embeddable":true,"href":"https:\/\/linitiative.ca\/International\/wp-json\/wp\/v2\/categories?post=50568"},{"taxonomy":"post_tag","embeddable":true,"href":"https:\/\/linitiative.ca\/International\/wp-json\/wp\/v2\/tags?post=50568"}],"curies":[{"name":"wp","href":"https:\/\/api.w.org\/{rel}","templated":true}]}}