{"id":50573,"date":"2019-08-06T14:01:41","date_gmt":"2019-08-06T18:01:41","guid":{"rendered":"https:\/\/linitiative.ca\/International\/saidia-cest-le-gardien-de-voitures-qui-est-decede\/"},"modified":"2019-08-06T14:01:41","modified_gmt":"2019-08-06T18:01:41","slug":"saidia-cest-le-gardien-de-voitures-qui-est-decede","status":"publish","type":"post","link":"https:\/\/linitiative.ca\/International\/saidia-cest-le-gardien-de-voitures-qui-est-decede\/","title":{"rendered":"Saidia : C\u2019est le gardien de voitures qui est d\u00e9c\u00e9d\u00e9 !"},"content":{"rendered":"<p><strong>Contrairement \u00e0 ce que nous avions affirm\u00e9 dans un pr\u00e9c\u00e9dent article, relatif au meurtre d\u2019un jeune conducteur par un gardien de voitures pour une place de parking, en relayant une information non fond\u00e9e des confr\u00e8res, l\u2019issue de ce fait divers tragique est toute autre.<\/strong><\/p>\n<div class=\"c10\"\/>\n<p>Selon notre correspondant \u00e0 Oujda Zahredine Tayebi, c\u2019est l\u2019automobiliste qui a poignard\u00e9 le <strong>gardien de voitures<\/strong> et non le contraire. Un coup de couteau qui lui a \u00e9t\u00e9 fatal, son d\u00e9c\u00e8s ayant \u00e9t\u00e9 constat\u00e9 dans les premi\u00e8res heures de la matin\u00e9e du 4 ao\u00fbt \u00e0 l\u2019h\u00f4pital r\u00e9gional Eddarak de Berkane. Dans le d\u00e9tail, les faits se sont d\u00e9roul\u00e9s en plein c\u0153ur du centre-ville, \u00e0 proximit\u00e9 de l\u2019\u00e9glise, non loin du si\u00e8ge de la s\u00e9curit\u00e9 nationale, dans le centre-ville de <strong>Saidia<\/strong>. Selon plusieurs t\u00e9moins, une dispute a \u00e9clat\u00e9 entre la victime et trois jeunes hommes de la ville de Taourirt au sujet du tarif de cinq DH.<\/p>\n<p>Lire aussi: <a href=\"https:\/\/www.challenge.ma\/saidia-un-jeune-homme-tue-par-un-gilet-jaune-a-cause-du-prix-du-stationnement-114871\/\">Sa\u00efdia : un jeune homme tu\u00e9 par un \u00ab\u00a0gilet jaune\u00a0\u00bb \u00e0 cause du prix du stationnement<\/a><\/p>\n<p>Tr\u00e8s vite, le ton est mont\u00e9 entre les protagonistes et a tr\u00e8s vite d\u00e9g\u00e9n\u00e9r\u00e9 en bagarre, un des jeunes hommes a alors sorti un couteau et ass\u00e9n\u00e9 au gardien un coup mortel. La victime gisant dans une mare de sang, les assaillants ont tent\u00e9 de prendre la fuite, mais ont \u00e9t\u00e9 vite encercl\u00e9s par un groupe de citoyens avant que les agents de la S\u00fbret\u00e9 nationale ne proc\u00e8dent \u00e0 leur interpellation. Ils ont \u00e9t\u00e9 plac\u00e9s en garde \u00e0 vue dans l\u2019attente d\u2019une enqu\u00eate r\u00e9v\u00e9lant les circonstances exactes de ce drame.<\/p>\n<p>La victime a \u00e9t\u00e9 transport\u00e9e \u00e0 l\u2019h\u00f4pital local de Saidia o\u00f9 elle a re\u00e7u les premiers soins avant d\u2019\u00eatre transf\u00e9r\u00e9e \u00e0 l\u2019h\u00f4pital r\u00e9gional en raison de son \u00e9tat critique. Elle serait d\u00e9c\u00e9d\u00e9e quelques minutes apr\u00e8s son admission \u00e0 l\u2019h\u00f4pital.<\/p>\n<div class=\"c17\">\n<fieldset class=\"c16\">\n<legend><strong><span class=\"c11\">Challenge<\/span><span class=\"c12\">news<\/span><\/strong><\/legend>\n<div class=\"c15\">Le meilleur de la r\u00e9daction s\u00e9lectionn\u00e9 par Challenge :<\/p>\n<\/div>\n<\/fieldset>\n<\/div>\n<p>Auteur: Hajar DARI<br \/>\n<a href=\"https:\/\/www.challenge.ma\/cest-le-gardien-de-voitures-qui-est-decede-115057\/\">Cliquez ici pour lire l&rsquo;article depuis sa source.<\/a><\/p>\n","protected":false},"excerpt":{"rendered":"<p>Contrairement \u00e0 ce que nous avions affirm\u00e9 dans un pr\u00e9c\u00e9dent article, relatif au meurtre d\u2019un jeune conducteur par un gardien de voitures pour une place de parking, en relayant une information non fond\u00e9e des confr\u00e8res, l\u2019issue de ce fait divers tragique est toute autre. Selon notre correspondant \u00e0 Oujda Zahredine Tayebi, c\u2019est l\u2019automobiliste qui a [&hellip;]<\/p>\n","protected":false},"author":1787,"featured_media":0,"comment_status":"closed","ping_status":"closed","sticky":false,"template":"","format":"standard","meta":{"fifu_image_url":"","fifu_image_alt":"","footnotes":""},"categories":[78,54],"tags":[],"class_list":["post-50573","post","type-post","status-publish","format-standard","hentry","category-economie","category-maroc"],"_links":{"self":[{"href":"https:\/\/linitiative.ca\/International\/wp-json\/wp\/v2\/posts\/50573","targetHints":{"allow":["GET"]}}],"collection":[{"href":"https:\/\/linitiative.ca\/International\/wp-json\/wp\/v2\/posts"}],"about":[{"href":"https:\/\/linitiative.ca\/International\/wp-json\/wp\/v2\/types\/post"}],"author":[{"embeddable":true,"href":"https:\/\/linitiative.ca\/International\/wp-json\/wp\/v2\/users\/1787"}],"replies":[{"embeddable":true,"href":"https:\/\/linitiative.ca\/International\/wp-json\/wp\/v2\/comments?post=50573"}],"version-history":[{"count":0,"href":"https:\/\/linitiative.ca\/International\/wp-json\/wp\/v2\/posts\/50573\/revisions"}],"wp:attachment":[{"href":"https:\/\/linitiative.ca\/International\/wp-json\/wp\/v2\/media?parent=50573"}],"wp:term":[{"taxonomy":"category","embeddable":true,"href":"https:\/\/linitiative.ca\/International\/wp-json\/wp\/v2\/categories?post=50573"},{"taxonomy":"post_tag","embeddable":true,"href":"https:\/\/linitiative.ca\/International\/wp-json\/wp\/v2\/tags?post=50573"}],"curies":[{"name":"wp","href":"https:\/\/api.w.org\/{rel}","templated":true}]}}