{"id":50615,"date":"2019-08-07T08:40:59","date_gmt":"2019-08-07T12:40:59","guid":{"rendered":"https:\/\/linitiative.ca\/International\/ksar-el-kebir-arrestation-dun-enseignant-implique-dans-une-affaire-dincitation-au-terrorisme\/"},"modified":"2019-08-07T08:40:59","modified_gmt":"2019-08-07T12:40:59","slug":"ksar-el-kebir-arrestation-dun-enseignant-implique-dans-une-affaire-dincitation-au-terrorisme","status":"publish","type":"post","link":"https:\/\/linitiative.ca\/International\/ksar-el-kebir-arrestation-dun-enseignant-implique-dans-une-affaire-dincitation-au-terrorisme\/","title":{"rendered":"Ksar El K\u00e9bir : Arrestation d\u2019un enseignant impliqu\u00e9 dans une affaire d\u2019incitation au terrorisme"},"content":{"rendered":"<header>\n<\/header>\n<div class=\"entry-content clearfix\" readability=\"49\"><img decoding=\"async\" class=\"post_layout_5_img\" src=\"http:\/\/aujourdhui.ma\/wp-content\/uploads\/2016\/02\/Police-Arrestation-Maroc.jpg?x29840\" alt=\"Ksar El K\u00e9bir : Arrestation d\u2019un enseignant impliqu\u00e9 dans une affaire d\u2019incitation au terrorisme\"\/><\/p>\n<p class=\"p1\"><span class=\"s1\"><span class=\"c4\"><strong>La Brigade nationale de la police judiciaire, en \u00e9troite coordination avec les services de la Direction g\u00e9n\u00e9rale de la surveillance du territoire, a arr\u00eat\u00e9 lundi soir un enseignant d\u2019\u00e9cole primaire pour son implication pr\u00e9sum\u00e9e dans une affaire d\u2019apologie et d\u2019incitation \u00e0 des actes terroristes.<\/strong><\/span><\/span> <span id=\"more-316697\"\/><\/p>\n<p class=\"p1\"><span class=\"s1\">Selon un communiqu\u00e9 de la Direction g\u00e9n\u00e9rale de la s\u00fbret\u00e9 nationale (DGSN), le mis en cause (26 ans) a \u00e9t\u00e9 interpell\u00e9 dans la ville de Ksar El K\u00e9bir apr\u00e8s avoir publi\u00e9 un post sur Facebook dans lequel il faisait l\u2019apologie et incitait \u00e0 des actes criminels dangereux \u00e0 l\u2019encontre de touristes \u00e9trang\u00e8res faisant du b\u00e9n\u00e9volat.<\/span><\/p>\n<p class=\"p1\"><span class=\"s1\">Les fouilles effectu\u00e9es dans le cadre de cette affaire ont permis la saisie d\u2019un ordinateur portable et d\u2019un t\u00e9l\u00e9phone mobile que le suspect aurait utilis\u00e9s pour publier le post relatif au terrorisme et \u00e0 l\u2019extr\u00e9misme, a pr\u00e9cis\u00e9 la m\u00eame source. Le suspect a \u00e9t\u00e9 plac\u00e9 en garde \u00e0 vue \u00e0 la disposition de l\u2019enqu\u00eate men\u00e9e sous la supervision du parquet sp\u00e9cialis\u00e9 dans les affaires de terrorisme.<\/span><\/p>\n<\/div>\n<p>Auteur: ALM<br \/>\n<a href=\"http:\/\/aujourdhui.ma\/faits-divers\/ksar-el-kebir-arrestation-dun-enseignant-implique-dans-une-affaire-dincitation-au-terrorisme\">Cliquez ici pour lire l&rsquo;article depuis sa source.<\/a><\/p>\n","protected":false},"excerpt":{"rendered":"<p>La Brigade nationale de la police judiciaire, en \u00e9troite coordination avec les services de la Direction g\u00e9n\u00e9rale de la surveillance du territoire, a arr\u00eat\u00e9 lundi soir un enseignant d\u2019\u00e9cole primaire pour son implication pr\u00e9sum\u00e9e dans une affaire d\u2019apologie et d\u2019incitation \u00e0 des actes terroristes. Selon un communiqu\u00e9 de la Direction g\u00e9n\u00e9rale de la s\u00fbret\u00e9 nationale [&hellip;]<\/p>\n","protected":false},"author":1759,"featured_media":0,"comment_status":"closed","ping_status":"closed","sticky":false,"template":"","format":"standard","meta":{"fifu_image_url":"","fifu_image_alt":"","footnotes":""},"categories":[73,54],"tags":[],"class_list":["post-50615","post","type-post","status-publish","format-standard","hentry","category-actualite","category-maroc"],"_links":{"self":[{"href":"https:\/\/linitiative.ca\/International\/wp-json\/wp\/v2\/posts\/50615","targetHints":{"allow":["GET"]}}],"collection":[{"href":"https:\/\/linitiative.ca\/International\/wp-json\/wp\/v2\/posts"}],"about":[{"href":"https:\/\/linitiative.ca\/International\/wp-json\/wp\/v2\/types\/post"}],"author":[{"embeddable":true,"href":"https:\/\/linitiative.ca\/International\/wp-json\/wp\/v2\/users\/1759"}],"replies":[{"embeddable":true,"href":"https:\/\/linitiative.ca\/International\/wp-json\/wp\/v2\/comments?post=50615"}],"version-history":[{"count":0,"href":"https:\/\/linitiative.ca\/International\/wp-json\/wp\/v2\/posts\/50615\/revisions"}],"wp:attachment":[{"href":"https:\/\/linitiative.ca\/International\/wp-json\/wp\/v2\/media?parent=50615"}],"wp:term":[{"taxonomy":"category","embeddable":true,"href":"https:\/\/linitiative.ca\/International\/wp-json\/wp\/v2\/categories?post=50615"},{"taxonomy":"post_tag","embeddable":true,"href":"https:\/\/linitiative.ca\/International\/wp-json\/wp\/v2\/tags?post=50615"}],"curies":[{"name":"wp","href":"https:\/\/api.w.org\/{rel}","templated":true}]}}