{"id":50621,"date":"2019-08-07T10:00:47","date_gmt":"2019-08-07T14:00:47","guid":{"rendered":"https:\/\/linitiative.ca\/International\/une-nouvelle-zone-dediee-aux-activites-artisanales-polluantes-et-nuisibles-a-tanger\/"},"modified":"2019-08-07T10:00:47","modified_gmt":"2019-08-07T14:00:47","slug":"une-nouvelle-zone-dediee-aux-activites-artisanales-polluantes-et-nuisibles-a-tanger","status":"publish","type":"post","link":"https:\/\/linitiative.ca\/International\/une-nouvelle-zone-dediee-aux-activites-artisanales-polluantes-et-nuisibles-a-tanger\/","title":{"rendered":"Une nouvelle zone d\u00e9di\u00e9e aux activit\u00e9s artisanales polluantes et nuisibles \u00e0 Tanger"},"content":{"rendered":"<header>\n<\/header>\n<div class=\"entry-content clearfix\" readability=\"63\"><img decoding=\"async\" class=\"post_layout_5_img\" src=\"http:\/\/aujourdhui.ma\/wp-content\/uploads\/2019\/08\/Tanger.jpg?x29840\" alt=\"Une nouvelle zone d\u00e9di\u00e9e aux activit\u00e9s artisanales polluantes et nuisibles \u00e0 Tanger\"\/><\/p>\n<p class=\"p1\"><span class=\"c5\"><strong><span class=\"c4\">Le futur espace artisanal pr\u00e9voit la mise en place de quelque 207 locaux selon les normes en vigueur et bien adapt\u00e9s pour le m\u00e9tier d\u2019artisan et l\u2019exposition de ses articles.<\/span><\/strong><\/span><span id=\"more-316692\"\/><\/p>\n<p class=\"p1\"><span class=\"s1\">Tanger veut renforcer ses infrastructures socio-\u00e9conomiques \u00e0 la hauteur de ses ambitions de grande m\u00e9tropole. C\u2019est dans ce contexte que la ville du d\u00e9troit sera dot\u00e9e d\u2019une nouvelle zone d\u00e9di\u00e9e aux activit\u00e9s artisanales pour une enveloppe budg\u00e9taire de plus de 152 millions de dirhams. Ce projet est le fruit d\u2019une convention, dont les dispositions viennent d\u2019\u00eatre approuv\u00e9es par le Conseil r\u00e9gional de Tanger-T\u00e9touan-Al Hoceima, lors de sa session ordinaire pour le mois de juillet. Ce nouvel espace artisanal sera d\u00e9di\u00e9 aux activit\u00e9s artisanales polluantes et nuisibles \u00e0 la population. Cette convention \u2013 qui lie le Conseil r\u00e9gional au minist\u00e8re du tourisme, du transport a\u00e9rien, de l\u2019artisanat et de l\u2019\u00e9conomie sociale, l\u2019Agence de d\u00e9veloppement du nord, la commune de Tanger et l\u2019Association des artisans de Tanger, s\u2019inscrit dans la continuit\u00e9 des grands chantiers de d\u00e9veloppement int\u00e9gr\u00e9s dans le cadre du programme royal Tanger-M\u00e9tropole. Elle vient confirmer l\u2019engagement de la r\u00e9gion et ses partenaires en faveur de l\u2019am\u00e9lioration du niveau des infrastructures socio-\u00e9conomiques sur son territoire.<\/span><\/p>\n<p class=\"p1\"><span class=\"s1\">Sur le co\u00fbt budg\u00e9taire global de la future zone (152 millions de dirhams), le Conseil r\u00e9gional s\u2019engage \u00e0 y contribuer avec 15,6 millions de dirhams. Le minist\u00e8re du tourisme contribuera \u00e0 hauteur de 18,8 millions de dirhams \u00e0 la r\u00e9alisation de cet espace artisanal. La mairie de Tanger apportera, elle, une enveloppe budg\u00e9taire de 15,6 millions de dirhams. L\u2019Association des artisans de Tanger \u2013 dont les membres adh\u00e9rents sont consid\u00e9r\u00e9s comme les b\u00e9n\u00e9ficiaires principaux de la future zone \u2013 devra injecter 97 millions de dirhams. Quant \u00e0 l\u2019Agence de d\u00e9veloppement du nord, elle participera avec un montant de 5,7 millions de dirhams. Ce projet vise \u00e0 transf\u00e9rer des activit\u00e9s artisanales \u00e0 la p\u00e9riph\u00e9rie de l\u2019arrondissement de Beni Makada, qui abrite d\u00e9j\u00e0 le premier march\u00e9 de proximit\u00e9 de la ville, inaugur\u00e9, en septembre 2015, par SM le Roi Mohammed VI. Ce qui permet de lib\u00e9rer les zones d\u2019habitation et le centre-ville des m\u00e9tiers polluants et nuisibles \u00e0 la population.<br \/>Selon les termes de cette convention, le futur espace artisanal pr\u00e9voit la mise en place de quelque 207 locaux selon les normes en vigueur et bien adapt\u00e9s pour le m\u00e9tier d\u2019artisan et l\u2019exposition de ses articles. La r\u00e9alisation de ce projet sera assur\u00e9e par l\u2019Agence de d\u00e9veloppement du nord.<\/span><\/p>\n<\/div>\n<p>Auteur: Najat Fa\u00efssal<br \/>\n<a href=\"http:\/\/aujourdhui.ma\/economie\/une-nouvelle-zone-dediee-aux-activites-artisanales-polluantes-et-nuisibles-a-tanger\">Cliquez ici pour lire l&rsquo;article depuis sa source.<\/a><\/p>\n","protected":false},"excerpt":{"rendered":"<p>Le futur espace artisanal pr\u00e9voit la mise en place de quelque 207 locaux selon les normes en vigueur et bien adapt\u00e9s pour le m\u00e9tier d\u2019artisan et l\u2019exposition de ses articles. Tanger veut renforcer ses infrastructures socio-\u00e9conomiques \u00e0 la hauteur de ses ambitions de grande m\u00e9tropole. C\u2019est dans ce contexte que la ville du d\u00e9troit sera [&hellip;]<\/p>\n","protected":false},"author":1759,"featured_media":0,"comment_status":"closed","ping_status":"closed","sticky":false,"template":"","format":"standard","meta":{"fifu_image_url":"","fifu_image_alt":"","footnotes":""},"categories":[73,54],"tags":[],"class_list":["post-50621","post","type-post","status-publish","format-standard","hentry","category-actualite","category-maroc"],"_links":{"self":[{"href":"https:\/\/linitiative.ca\/International\/wp-json\/wp\/v2\/posts\/50621","targetHints":{"allow":["GET"]}}],"collection":[{"href":"https:\/\/linitiative.ca\/International\/wp-json\/wp\/v2\/posts"}],"about":[{"href":"https:\/\/linitiative.ca\/International\/wp-json\/wp\/v2\/types\/post"}],"author":[{"embeddable":true,"href":"https:\/\/linitiative.ca\/International\/wp-json\/wp\/v2\/users\/1759"}],"replies":[{"embeddable":true,"href":"https:\/\/linitiative.ca\/International\/wp-json\/wp\/v2\/comments?post=50621"}],"version-history":[{"count":0,"href":"https:\/\/linitiative.ca\/International\/wp-json\/wp\/v2\/posts\/50621\/revisions"}],"wp:attachment":[{"href":"https:\/\/linitiative.ca\/International\/wp-json\/wp\/v2\/media?parent=50621"}],"wp:term":[{"taxonomy":"category","embeddable":true,"href":"https:\/\/linitiative.ca\/International\/wp-json\/wp\/v2\/categories?post=50621"},{"taxonomy":"post_tag","embeddable":true,"href":"https:\/\/linitiative.ca\/International\/wp-json\/wp\/v2\/tags?post=50621"}],"curies":[{"name":"wp","href":"https:\/\/api.w.org\/{rel}","templated":true}]}}