{"id":50646,"date":"2019-08-07T12:13:53","date_gmt":"2019-08-07T16:13:53","guid":{"rendered":"https:\/\/linitiative.ca\/International\/province-de-guercif-loffre-de-soins-renforcee\/"},"modified":"2019-08-07T12:13:53","modified_gmt":"2019-08-07T16:13:53","slug":"province-de-guercif-loffre-de-soins-renforcee","status":"publish","type":"post","link":"https:\/\/linitiative.ca\/International\/province-de-guercif-loffre-de-soins-renforcee\/","title":{"rendered":"Province de Guercif : L\u2019offre de soins renforc\u00e9e"},"content":{"rendered":"<p class=\"c1\">L\u2019offre de soins au niveau de la province de Guercif vient d\u2019\u00eatre renforc\u00e9e par la cr\u00e9ation d\u2019un service de p\u00e9diatrie \u00e0 l\u2019h\u00f4pital provincial et par l\u2019extension et l\u2019\u00e9quipement du centre d\u2019h\u00e9modialyse.<\/p>\n<p class=\"c1\">Ainsi, dans le cadre des festivit\u00e9s marquant la c\u00e9l\u00e9bration de la F\u00eate du Tr\u00f4ne, le gouverneur de la province, Hassan Belmahi, a proc\u00e9d\u00e9, mardi, \u00e0 l\u2019inauguration d\u2019un service de p\u00e9diatrie, dot\u00e9 de sept lits et d\u2019une salle d\u2019accouchement \u00e9quip\u00e9e, r\u00e9alis\u00e9 pour un financement de 300.000 DH du minist\u00e8re de la Sant\u00e9.<\/p>\n<p class=\"c1\">L\u2019ouverture de ce service est \u00e0 m\u00eame d\u2019assurer une prise en charge des enfants malades dans de bonnes conditions et d\u2019offrir au staff m\u00e9dical un cadre ad\u00e9quat de travail et d\u2019accueil, s\u2019est r\u00e9joui le directeur de l\u2019h\u00f4pital provincial de Guercif, Abdelmajid Rami.<\/p>\n<p class=\"c1\">Cette nouvelle infrastructure vise \u00e0 diversifier l\u2019offre de soins au profit des populations de la province et leur \u00e9pargner les d\u00e9placements vers d\u2019autres h\u00f4pitaux de la r\u00e9gion, a-t-il ajout\u00e9, notant que le nouveau service de p\u00e9diatrie pourra prodiguer des soins \u00e0 plus de 2.600 enfants pas an.<\/p>\n<p class=\"c1\">Dans cette m\u00eame veine, M. Rami a pr\u00e9cis\u00e9 que les travaux d\u2019extension et d\u2019\u00e9quipement du centre d\u2019h\u00e9modialyse de Guercif ont pour finalit\u00e9 notamment de renforcer sa capacit\u00e9 d\u2019accueil et de rapprocher les soins de sant\u00e9 au profit des personnes souffrant d\u2019insuffisance r\u00e9nale, notant que le centre a connu outre l\u2019installation des \u00e9quipements n\u00e9cessaires, l\u2019acquisition de machines de derni\u00e8re g\u00e9n\u00e9ration.<\/p>\n<p class=\"c1\">Le projet du centre d\u2019h\u00e9modialyse, qui a \u00e9t\u00e9 visit\u00e9 par l\u2019occasion par le gouverneur de la province et la d\u00e9l\u00e9gation l\u2019accompagnant, a \u00e9t\u00e9 financ\u00e9 dans le cadre d\u2019un partenariat entre l\u2019Initiative nationale pour le d\u00e9veloppement humain (INDH), le minist\u00e8re de la Sant\u00e9 et l\u2019association de solidarit\u00e9 sociale des insuffisants r\u00e9naux \u00e0 Guercif et ce, pour un montant de 6,5 millions de dirhams.<\/p>\n<p>Auteur: Soufiane ELAHMAR<br \/>\n<a href=\"http:\/\/www.mapoujda.ma\/fr\/province-de-guercif-loffre-de-soins-renforcee\/\">Cliquez ici pour lire l&rsquo;article depuis sa source.<\/a><\/p>\n","protected":false},"excerpt":{"rendered":"<p>L\u2019offre de soins au niveau de la province de Guercif vient d\u2019\u00eatre renforc\u00e9e par la cr\u00e9ation d\u2019un service de p\u00e9diatrie \u00e0 l\u2019h\u00f4pital provincial et par l\u2019extension et l\u2019\u00e9quipement du centre d\u2019h\u00e9modialyse. Ainsi, dans le cadre des festivit\u00e9s marquant la c\u00e9l\u00e9bration de la F\u00eate du Tr\u00f4ne, le gouverneur de la province, Hassan Belmahi, a proc\u00e9d\u00e9, mardi, [&hellip;]<\/p>\n","protected":false},"author":1788,"featured_media":0,"comment_status":"closed","ping_status":"closed","sticky":false,"template":"","format":"standard","meta":{"fifu_image_url":"","fifu_image_alt":"","footnotes":""},"categories":[54,76],"tags":[],"class_list":["post-50646","post","type-post","status-publish","format-standard","hentry","category-maroc","category-regions"],"_links":{"self":[{"href":"https:\/\/linitiative.ca\/International\/wp-json\/wp\/v2\/posts\/50646","targetHints":{"allow":["GET"]}}],"collection":[{"href":"https:\/\/linitiative.ca\/International\/wp-json\/wp\/v2\/posts"}],"about":[{"href":"https:\/\/linitiative.ca\/International\/wp-json\/wp\/v2\/types\/post"}],"author":[{"embeddable":true,"href":"https:\/\/linitiative.ca\/International\/wp-json\/wp\/v2\/users\/1788"}],"replies":[{"embeddable":true,"href":"https:\/\/linitiative.ca\/International\/wp-json\/wp\/v2\/comments?post=50646"}],"version-history":[{"count":0,"href":"https:\/\/linitiative.ca\/International\/wp-json\/wp\/v2\/posts\/50646\/revisions"}],"wp:attachment":[{"href":"https:\/\/linitiative.ca\/International\/wp-json\/wp\/v2\/media?parent=50646"}],"wp:term":[{"taxonomy":"category","embeddable":true,"href":"https:\/\/linitiative.ca\/International\/wp-json\/wp\/v2\/categories?post=50646"},{"taxonomy":"post_tag","embeddable":true,"href":"https:\/\/linitiative.ca\/International\/wp-json\/wp\/v2\/tags?post=50646"}],"curies":[{"name":"wp","href":"https:\/\/api.w.org\/{rel}","templated":true}]}}