{"id":50677,"date":"2019-08-07T15:14:19","date_gmt":"2019-08-07T19:14:19","guid":{"rendered":"https:\/\/linitiative.ca\/International\/afrique-maroc-le-successeur-dherve-renard-aurait-ete-trouve\/"},"modified":"2019-08-07T15:14:19","modified_gmt":"2019-08-07T19:14:19","slug":"afrique-maroc-le-successeur-dherve-renard-aurait-ete-trouve","status":"publish","type":"post","link":"https:\/\/linitiative.ca\/International\/afrique-maroc-le-successeur-dherve-renard-aurait-ete-trouve\/","title":{"rendered":"Afrique : Maroc : Le successeur d&rsquo;Herv\u00e9 Renard aurait \u00e9t\u00e9 trouv\u00e9"},"content":{"rendered":"<div readability=\"32\">\n<p>Auteur : <span class=\"time\">mercredi 07 ao\u00fbt 2019 13:32<\/span><\/p>\n<\/div>\n<div id=\"post_core\" readability=\"37\">\n<p>L&rsquo;ancien s\u00e9lectionneur des Verts vient tout r\u00e9cemment de quitter ses fonctions \u00e0 la t\u00eate des Canaris, en raison de d\u00e9saccords \u00e0 r\u00e9p\u00e9tition avec son pr\u00e9sident Waldermar Kita. A en croire L&rsquo;Equipe que rapporte Onzemondial, le technicien est m\u00eame devenu la priorit\u00e9 de la F\u00e9d\u00e9ration Royale Marocaine de football (FRMF).<\/p>\n<p><strong>Publi\u00e9 dans :<\/strong> <span>maroc<\/span><\/p>\n<\/div>\n<p>Auteur:<br \/>\n<a href=\"http:\/\/www.lebuteur.com\/article\/detail?titre=maroc-le-successeur-dherve-renard-aurait-ete-trouve&#038;id=90950&#038;utm_source=feedburner&#038;utm_medium=feed&#038;utm_campaign=Feed%3A+GalerieFArtciles+%28Les+derniers+articles++-+lebuteur.com%29\">Cliquez ici pour lire l&rsquo;article depuis sa source.<\/a><\/p>\n","protected":false},"excerpt":{"rendered":"<p>Auteur : mercredi 07 ao\u00fbt 2019 13:32 L&rsquo;ancien s\u00e9lectionneur des Verts vient tout r\u00e9cemment de quitter ses fonctions \u00e0 la t\u00eate des Canaris, en raison de d\u00e9saccords \u00e0 r\u00e9p\u00e9tition avec son pr\u00e9sident Waldermar Kita. A en croire L&rsquo;Equipe que rapporte Onzemondial, le technicien est m\u00eame devenu la priorit\u00e9 de la F\u00e9d\u00e9ration Royale Marocaine de football [&hellip;]<\/p>\n","protected":false},"author":1738,"featured_media":50678,"comment_status":"closed","ping_status":"closed","sticky":false,"template":"","format":"standard","meta":{"fifu_image_url":"","fifu_image_alt":"","footnotes":""},"categories":[53,75],"tags":[],"class_list":["post-50677","post","type-post","status-publish","format-standard","has-post-thumbnail","hentry","category-algerie","category-sport"],"_links":{"self":[{"href":"https:\/\/linitiative.ca\/International\/wp-json\/wp\/v2\/posts\/50677","targetHints":{"allow":["GET"]}}],"collection":[{"href":"https:\/\/linitiative.ca\/International\/wp-json\/wp\/v2\/posts"}],"about":[{"href":"https:\/\/linitiative.ca\/International\/wp-json\/wp\/v2\/types\/post"}],"author":[{"embeddable":true,"href":"https:\/\/linitiative.ca\/International\/wp-json\/wp\/v2\/users\/1738"}],"replies":[{"embeddable":true,"href":"https:\/\/linitiative.ca\/International\/wp-json\/wp\/v2\/comments?post=50677"}],"version-history":[{"count":0,"href":"https:\/\/linitiative.ca\/International\/wp-json\/wp\/v2\/posts\/50677\/revisions"}],"wp:featuredmedia":[{"embeddable":true,"href":"https:\/\/linitiative.ca\/International\/wp-json\/"}],"wp:attachment":[{"href":"https:\/\/linitiative.ca\/International\/wp-json\/wp\/v2\/media?parent=50677"}],"wp:term":[{"taxonomy":"category","embeddable":true,"href":"https:\/\/linitiative.ca\/International\/wp-json\/wp\/v2\/categories?post=50677"},{"taxonomy":"post_tag","embeddable":true,"href":"https:\/\/linitiative.ca\/International\/wp-json\/wp\/v2\/tags?post=50677"}],"curies":[{"name":"wp","href":"https:\/\/api.w.org\/{rel}","templated":true}]}}