{"id":50679,"date":"2019-08-07T15:14:20","date_gmt":"2019-08-07T19:14:20","guid":{"rendered":"https:\/\/linitiative.ca\/International\/international-real-vers-un-changement-de-systeme-de-jeu-pour-zidane\/"},"modified":"2019-08-07T15:14:20","modified_gmt":"2019-08-07T19:14:20","slug":"international-real-vers-un-changement-de-systeme-de-jeu-pour-zidane","status":"publish","type":"post","link":"https:\/\/linitiative.ca\/International\/international-real-vers-un-changement-de-systeme-de-jeu-pour-zidane\/","title":{"rendered":"International : Real : Vers un changement de syst\u00e8me de jeu pour Zidane ?"},"content":{"rendered":"<div readability=\"32\">\n<p>Auteur : <span class=\"time\">mercredi 07 ao\u00fbt 2019 13:56<\/span><\/p>\n<\/div>\n<div id=\"post_core\" readability=\"43\">\n<p>Selon les informations du quotidien AS, l\u2019entra\u00eeneur fran\u00e7ais pourrait miser sur un 3-5-2.<\/p>\n<p>L\u2019objectif d\u2019un tel changement de syst\u00e8me\u00a0? Lib\u00e9rer Eden Hazard des t\u00e2ches d\u00e9fensives pour lui donner plus de libert\u00e9 devant comme l&rsquo;indique Footmercato. Le Belge joeurait dans l\u2019axe, tombant sur le c\u00f4t\u00e9 droit, avec Benzema et Jovic devant lui. Le Fran\u00e7ais cherche encore un moyen de bien int\u00e9grer le Belge dans son \u00e9quipe, l\u2019ancien des Blues ayant eu du mal \u00e0 briller pendant la pr\u00e9-saison.<\/p>\n<p><strong>Publi\u00e9 dans :<\/strong> <span>real madrid<\/span><\/p>\n<\/div>\n<p>Auteur:<br \/>\n<a href=\"http:\/\/www.lebuteur.com\/article\/detail?titre=real-vers-un-changement-de-systeme-de-jeu-pour-zidane&#038;id=90951&#038;utm_source=feedburner&#038;utm_medium=feed&#038;utm_campaign=Feed%3A+GalerieFArtciles+%28Les+derniers+articles++-+lebuteur.com%29\">Cliquez ici pour lire l&rsquo;article depuis sa source.<\/a><\/p>\n","protected":false},"excerpt":{"rendered":"<p>Auteur : mercredi 07 ao\u00fbt 2019 13:56 Selon les informations du quotidien AS, l\u2019entra\u00eeneur fran\u00e7ais pourrait miser sur un 3-5-2. L\u2019objectif d\u2019un tel changement de syst\u00e8me\u00a0? Lib\u00e9rer Eden Hazard des t\u00e2ches d\u00e9fensives pour lui donner plus de libert\u00e9 devant comme l&rsquo;indique Footmercato. Le Belge joeurait dans l\u2019axe, tombant sur le c\u00f4t\u00e9 droit, avec Benzema et [&hellip;]<\/p>\n","protected":false},"author":1738,"featured_media":50680,"comment_status":"closed","ping_status":"closed","sticky":false,"template":"","format":"standard","meta":{"fifu_image_url":"","fifu_image_alt":"","footnotes":""},"categories":[53,75],"tags":[],"class_list":["post-50679","post","type-post","status-publish","format-standard","has-post-thumbnail","hentry","category-algerie","category-sport"],"_links":{"self":[{"href":"https:\/\/linitiative.ca\/International\/wp-json\/wp\/v2\/posts\/50679","targetHints":{"allow":["GET"]}}],"collection":[{"href":"https:\/\/linitiative.ca\/International\/wp-json\/wp\/v2\/posts"}],"about":[{"href":"https:\/\/linitiative.ca\/International\/wp-json\/wp\/v2\/types\/post"}],"author":[{"embeddable":true,"href":"https:\/\/linitiative.ca\/International\/wp-json\/wp\/v2\/users\/1738"}],"replies":[{"embeddable":true,"href":"https:\/\/linitiative.ca\/International\/wp-json\/wp\/v2\/comments?post=50679"}],"version-history":[{"count":0,"href":"https:\/\/linitiative.ca\/International\/wp-json\/wp\/v2\/posts\/50679\/revisions"}],"wp:featuredmedia":[{"embeddable":true,"href":"https:\/\/linitiative.ca\/International\/wp-json\/"}],"wp:attachment":[{"href":"https:\/\/linitiative.ca\/International\/wp-json\/wp\/v2\/media?parent=50679"}],"wp:term":[{"taxonomy":"category","embeddable":true,"href":"https:\/\/linitiative.ca\/International\/wp-json\/wp\/v2\/categories?post=50679"},{"taxonomy":"post_tag","embeddable":true,"href":"https:\/\/linitiative.ca\/International\/wp-json\/wp\/v2\/tags?post=50679"}],"curies":[{"name":"wp","href":"https:\/\/api.w.org\/{rel}","templated":true}]}}