{"id":50693,"date":"2019-08-07T11:04:36","date_gmt":"2019-08-07T15:04:36","guid":{"rendered":"https:\/\/linitiative.ca\/International\/92986-mehdi-abeid-les-moments-vecus-avec-la-selection-nationale-resteront-inoubliables\/"},"modified":"2019-08-07T11:04:36","modified_gmt":"2019-08-07T15:04:36","slug":"92986-mehdi-abeid-les-moments-vecus-avec-la-selection-nationale-resteront-inoubliables","status":"publish","type":"post","link":"https:\/\/linitiative.ca\/International\/92986-mehdi-abeid-les-moments-vecus-avec-la-selection-nationale-resteront-inoubliables\/","title":{"rendered":"Mehdi Abeid: \u00ab\u00a0les moments v\u00e9cus avec la s\u00e9lection nationale resteront inoubliables\u00a0\u00bb"},"content":{"rendered":"<div>\n<div class=\"K2FeedImage\"><img decoding=\"async\" src=\"http:\/\/www.aps.dz\/media\/k2\/items\/cache\/c34e32b8f0b916918e7002bb071b52a9_S.jpg\" alt=\"Mehdi Abeid: \" les moments v avec la s nationale resteront inoubliables><\/div>\n<div class=\"K2FeedIntroText\">\n<p><strong>PARIS &#8211; Le milieu international alg\u00e9rien Mehdi Abeid, nouveau soci\u00e9taire du FC Nantes (France), n&rsquo;est pas encore remis de la joie que lui a procur\u00e9 son aventure en s\u00e9lection nationale avec laquelle il a pass\u00e9 des moments \u00ab\u00a0inoubliables\u00a0\u00bb, ponctu\u00e9s par le titre de champion d&rsquo;Afrique \u00e0 la CAN-2019 en Egypte.<\/strong><\/p>\n<\/div>\n<div class=\"K2FeedFullText\">\n<p><em><strong>\u00ab\u00a0C&rsquo;est plus qu&rsquo;un r\u00eave r\u00e9alis\u00e9, avec ce sacre en Coupe d&rsquo;Afrique des nations sous le maillot de l&rsquo;Alg\u00e9rie. Il n&rsquo;y a rien de similaire que de gagner avec sa nation. C&rsquo;est une \u00e9norme satisfaction et ce sont des moments que je n&rsquo;oublierais jamais dans ma vie\u00a0\u00bb<\/strong><\/em>, a d\u00e9clar\u00e9 Mehdi Abeid dans un long entretien au site du FC Nantes avec lequel il s&rsquo;est engag\u00e9 pour trois saisons.<\/p>\n<p>Arriv\u00e9 libre en provenance de Dijon, Mehdi Abeid (27 ans) compte un peu plus de 200 matches en tant que professionnel, dont 73 en Ligue 1 sous le maillot bourguignon. Il est arriv\u00e9 \u00e0 Nantes pour relever un nouveau d\u00e9fi et portera avec sa nouvelle \u00e9quipe le num\u00e9ro onze.<\/p>\n<p>L&rsquo;international alg\u00e9rien a assur\u00e9 qu&rsquo;il est arriv\u00e9 chez les \u00ab\u00a0Vert et Jaune\u00a0\u00bb avec de tr\u00e8s bonnes intentions et il essayera toujours de donner le maximum de lui.<\/p>\n<blockquote>\n<p><em><strong>\u00ab\u00a0Je ne me fixe pas forc\u00e9ment d&rsquo;objectifs pour la saison. Durant ma carri\u00e8re, j&rsquo;ai pu acqu\u00e9rir une certaine exp\u00e9rience en jouant dans de grands clubs mais aussi en vivant de grands moments avec la s\u00e9lection. Tous ces instants m&rsquo;ont fait grandir en tant que footballeur mais aussi en tant qu&rsquo;homme. Je suis aussi l\u00e0 pour aider les plus jeunes et leur montrer la voie\u00a0\u00bb, a-t-il indiqu\u00e9.<\/strong><\/em><\/p>\n<\/blockquote>\n<p>Au FC Nantes, Mehdi Abeid va retrouver des joueurs qu&rsquo;il a connus et c\u00f4toy\u00e9s auparavant et qui lui ont prodigu\u00e9 beaucoup de conseils pour lui faciliter l&rsquo;int\u00e9gration dans le groupe.<\/p>\n<p>\u00ab\u00a0Je connaissais pas mal de joueurs au FC Nantes qui ont confort\u00e9 mon choix. Des joueurs avec lesquels j&rsquo;ai \u00e9volu\u00e9 dans le pass\u00e9 avec les \u00e9quipes de France jeunes (Dennis Appiah), o\u00f9 ceux qui \u00e9taient des co\u00e9quipiers en Gr\u00e8ce, au Panathina\u00efkos (Lucas Evangelista)\u00a0\u00bb, a expliqu\u00e9 l&rsquo;Alg\u00e9rien, assurant qu&rsquo;il n&rsquo;arrivait pas en terre inconnue et qu&rsquo;il a \u00e9t\u00e9 \u00ab\u00a0vraiment bien accueilli\u00a0\u00bb.<\/p>\n<\/div>\n<p><img loading=\"lazy\" decoding=\"async\" src=\"http:\/\/feeds.feedburner.com\/~r\/aps-sport\/~4\/EDNL8kwI-v8\" height=\"1\" width=\"1\" alt=\"\"><\/div>\n<p>Auteur:<br \/>\n<a href=\"http:\/\/www.aps.dz\/sport\/92986-mehdi-abeid-les-moments-vecus-avec-la-selection-nationale-resteront-inoubliables?utm_source=feedburner&#038;utm_medium=feed&#038;utm_campaign=Feed%3A+aps-sport+%28APS+-+SPORT%29\">Cliquez ici pour lire l&rsquo;article depuis sa source.<\/a><\/p>\n","protected":false},"excerpt":{"rendered":"<p>PARIS &#8211; Le milieu international alg\u00e9rien Mehdi Abeid, nouveau soci\u00e9taire du FC Nantes (France), n&rsquo;est pas encore remis de la joie que lui a procur\u00e9 son aventure en s\u00e9lection nationale avec laquelle il a pass\u00e9 des moments \u00ab\u00a0inoubliables\u00a0\u00bb, ponctu\u00e9s par le titre de champion d&rsquo;Afrique \u00e0 la CAN-2019 en Egypte. \u00ab\u00a0C&rsquo;est plus qu&rsquo;un r\u00eave r\u00e9alis\u00e9, [&hellip;]<\/p>\n","protected":false},"author":1790,"featured_media":50694,"comment_status":"closed","ping_status":"closed","sticky":false,"template":"","format":"standard","meta":{"fifu_image_url":"","fifu_image_alt":"","footnotes":""},"categories":[53,75],"tags":[],"class_list":["post-50693","post","type-post","status-publish","format-standard","has-post-thumbnail","hentry","category-algerie","category-sport"],"_links":{"self":[{"href":"https:\/\/linitiative.ca\/International\/wp-json\/wp\/v2\/posts\/50693","targetHints":{"allow":["GET"]}}],"collection":[{"href":"https:\/\/linitiative.ca\/International\/wp-json\/wp\/v2\/posts"}],"about":[{"href":"https:\/\/linitiative.ca\/International\/wp-json\/wp\/v2\/types\/post"}],"author":[{"embeddable":true,"href":"https:\/\/linitiative.ca\/International\/wp-json\/wp\/v2\/users\/1790"}],"replies":[{"embeddable":true,"href":"https:\/\/linitiative.ca\/International\/wp-json\/wp\/v2\/comments?post=50693"}],"version-history":[{"count":0,"href":"https:\/\/linitiative.ca\/International\/wp-json\/wp\/v2\/posts\/50693\/revisions"}],"wp:featuredmedia":[{"embeddable":true,"href":"https:\/\/linitiative.ca\/International\/wp-json\/"}],"wp:attachment":[{"href":"https:\/\/linitiative.ca\/International\/wp-json\/wp\/v2\/media?parent=50693"}],"wp:term":[{"taxonomy":"category","embeddable":true,"href":"https:\/\/linitiative.ca\/International\/wp-json\/wp\/v2\/categories?post=50693"},{"taxonomy":"post_tag","embeddable":true,"href":"https:\/\/linitiative.ca\/International\/wp-json\/wp\/v2\/tags?post=50693"}],"curies":[{"name":"wp","href":"https:\/\/api.w.org\/{rel}","templated":true}]}}