{"id":50695,"date":"2019-08-07T11:08:11","date_gmt":"2019-08-07T15:08:11","guid":{"rendered":"https:\/\/linitiative.ca\/International\/92987-ligues-1-et-2-pas-de-nouvelles-licences-pour-les-clubs-endettes\/"},"modified":"2019-08-07T11:08:11","modified_gmt":"2019-08-07T15:08:11","slug":"92987-ligues-1-et-2-pas-de-nouvelles-licences-pour-les-clubs-endettes","status":"publish","type":"post","link":"https:\/\/linitiative.ca\/International\/92987-ligues-1-et-2-pas-de-nouvelles-licences-pour-les-clubs-endettes\/","title":{"rendered":"Ligues 1 et 2 : pas de nouvelles licences pour les clubs endett\u00e9s"},"content":{"rendered":"<div>\n<div class=\"K2FeedImage\"><img decoding=\"async\" src=\"http:\/\/www.aps.dz\/media\/k2\/items\/cache\/098ec2f1587fe2e14b109eef91aed21f_S.jpg\" alt=\"Ligues 1 et 2 : pas de nouvelles licences pour les clubs endett\u00e9s\"><\/div>\n<div class=\"K2FeedIntroText\">\n<p><strong>ALGER &#8211; Les clubs des deux paliers professionnels interdits de recrutement, seront dans l&rsquo;obligation d&rsquo;assainir leur situation financi\u00e8re avant la date butoir du 8 ao\u00fbt \u00e0 minuit pour pouvoir b\u00e9n\u00e9ficier des licences de leurs nouvelles recrues estivales, a annonc\u00e9 la F\u00e9d\u00e9ration alg\u00e9rienne de football (FAF) mardi soir sur son site officiel.<\/strong><\/p>\n<\/div>\n<div class=\"K2FeedFullText\">\n<p>\u00ab\u00a0La FAF rappelle que les clubs professionnels des Ligues 1 et 2 Mobilis, interdits de recrutement, sont dans l\u2019obligation d\u2019assainir leur situation financi\u00e8re avant le jeudi 08 ao\u00fbt 2019 \u00e0 minuit. Pass\u00e9 ce d\u00e9lai, les clubs n\u2019ayant pas pu assainir leur situation ne pourront pas b\u00e9n\u00e9ficier des licences de leurs nouveaux joueurs engag\u00e9s pour la saison 2019-2020\u00a0\u00bb, a affirm\u00e9 l&rsquo;instance f\u00e9d\u00e9rale dans un communiqu\u00e9.<\/p>\n<p>La mise en garde de la FAF intervient \u00e0 la veille de la fermeture de la p\u00e9riode des transferts d&rsquo;\u00e9t\u00e9 fix\u00e9e au jeudi 8 ao\u00fbt \u00e0 minuit.<\/p>\n<p>Le CR Belouizdad avait \u00e9t\u00e9 contraint la saison derni\u00e8re de d\u00e9clarer forfait lors de la premi\u00e8re journ\u00e9e pour n&rsquo;avoir pas pu r\u00e9gler ses dettes et donc de qualifier ses nouveaux joueurs, ce qui a pouss\u00e9 la commission de discipline de la Ligue de football professionnel (LFP) \u00e0 lui d\u00e9falquer trois points.<\/p>\n<p>Une saison plus t\u00f4t, c&rsquo;est le RC Relizane qui a \u00e9t\u00e9 interdit de recrutement et sanctionn\u00e9 d&rsquo;une d\u00e9falcation de trois points pour n&rsquo;avoir pas pay\u00e9 quatre de ses anciens joueurs.<\/p>\n<\/div>\n<p><img loading=\"lazy\" decoding=\"async\" src=\"http:\/\/feeds.feedburner.com\/~r\/aps-sport\/~4\/J4yXylw877o\" height=\"1\" width=\"1\" alt=\"\"><\/div>\n<p>Auteur:<br \/>\n<a href=\"http:\/\/www.aps.dz\/sport\/92987-ligues-1-et-2-pas-de-nouvelles-licences-pour-les-clubs-endettes?utm_source=feedburner&#038;utm_medium=feed&#038;utm_campaign=Feed%3A+aps-sport+%28APS+-+SPORT%29\">Cliquez ici pour lire l&rsquo;article depuis sa source.<\/a><\/p>\n","protected":false},"excerpt":{"rendered":"<p>ALGER &#8211; Les clubs des deux paliers professionnels interdits de recrutement, seront dans l&rsquo;obligation d&rsquo;assainir leur situation financi\u00e8re avant la date butoir du 8 ao\u00fbt \u00e0 minuit pour pouvoir b\u00e9n\u00e9ficier des licences de leurs nouvelles recrues estivales, a annonc\u00e9 la F\u00e9d\u00e9ration alg\u00e9rienne de football (FAF) mardi soir sur son site officiel. \u00ab\u00a0La FAF rappelle que [&hellip;]<\/p>\n","protected":false},"author":1790,"featured_media":50696,"comment_status":"closed","ping_status":"closed","sticky":false,"template":"","format":"standard","meta":{"fifu_image_url":"","fifu_image_alt":"","footnotes":""},"categories":[53,75],"tags":[],"class_list":["post-50695","post","type-post","status-publish","format-standard","has-post-thumbnail","hentry","category-algerie","category-sport"],"_links":{"self":[{"href":"https:\/\/linitiative.ca\/International\/wp-json\/wp\/v2\/posts\/50695","targetHints":{"allow":["GET"]}}],"collection":[{"href":"https:\/\/linitiative.ca\/International\/wp-json\/wp\/v2\/posts"}],"about":[{"href":"https:\/\/linitiative.ca\/International\/wp-json\/wp\/v2\/types\/post"}],"author":[{"embeddable":true,"href":"https:\/\/linitiative.ca\/International\/wp-json\/wp\/v2\/users\/1790"}],"replies":[{"embeddable":true,"href":"https:\/\/linitiative.ca\/International\/wp-json\/wp\/v2\/comments?post=50695"}],"version-history":[{"count":0,"href":"https:\/\/linitiative.ca\/International\/wp-json\/wp\/v2\/posts\/50695\/revisions"}],"wp:featuredmedia":[{"embeddable":true,"href":"https:\/\/linitiative.ca\/International\/wp-json\/"}],"wp:attachment":[{"href":"https:\/\/linitiative.ca\/International\/wp-json\/wp\/v2\/media?parent=50695"}],"wp:term":[{"taxonomy":"category","embeddable":true,"href":"https:\/\/linitiative.ca\/International\/wp-json\/wp\/v2\/categories?post=50695"},{"taxonomy":"post_tag","embeddable":true,"href":"https:\/\/linitiative.ca\/International\/wp-json\/wp\/v2\/tags?post=50695"}],"curies":[{"name":"wp","href":"https:\/\/api.w.org\/{rel}","templated":true}]}}