{"id":50704,"date":"2019-08-07T15:04:00","date_gmt":"2019-08-07T19:04:00","guid":{"rendered":"https:\/\/linitiative.ca\/International\/ghali-belkecir-serait-a-barcelone\/"},"modified":"2019-08-07T15:04:00","modified_gmt":"2019-08-07T19:04:00","slug":"ghali-belkecir-serait-a-barcelone","status":"publish","type":"post","link":"https:\/\/linitiative.ca\/International\/ghali-belkecir-serait-a-barcelone\/","title":{"rendered":"Ghali Belkecir serait \u00e0 Barcelone"},"content":{"rendered":"<p><br id=\"sep_para_1\" class=\"sep_para access\"\/><\/p>\n<div id=\"para_1\" class=\"para_32476464 resize\">\n<div class=\"texte access firstletter\">Plusieurs informations annon\u00e7ant la fuite de l\u2019ex-commandant de la gendarmerie, le g\u00e9n\u00e9ral Ghali Belkecir \u00e0 l\u2019\u00e9tranger ont circul\u00e9 massivement ces derni\u00e8res 24 heures. Selon le site d\u2019information Alg\u00e9rie-Part qui suit les traces de Ghali Belkecir, ce dernier a \u00e9t\u00e9 annonc\u00e9 \u00e0 Paris et ensuite \u00e0 Barcelone. A-t-il fui l\u2019Alg\u00e9rie pour rejoindre sa famille en Espagne ? Pour le moment, il demeure impossible de r\u00e9pondre \u00e0 cette question. Une chose est s\u00fbre : apr\u00e8s son limogeage, le g\u00e9n\u00e9ral Ghali Belkecir s\u2019est \u00ab r\u00e9fugi\u00e9 \u00bb pendant plusieurs jours dans sa villa \u00e0 Dely Ibrahim, un quartier r\u00e9sidentiel d\u2019Alger, r\u00e9v\u00e8le la source qui ajoute qu\u2019aujourd\u2019hui, son sort suscite toutes les sp\u00e9culations.<\/div>\n<\/div>\n<p>Auteur: R\u00e9flexion<br \/>\n<a href=\"https:\/\/www.reflexiondz.net\/Ghali-Belkecir-serait-a-Barcelone_a57055.html\">Cliquez ici pour lire l&rsquo;article depuis sa source.<\/a><\/p>\n","protected":false},"excerpt":{"rendered":"<p>Plusieurs informations annon\u00e7ant la fuite de l\u2019ex-commandant de la gendarmerie, le g\u00e9n\u00e9ral Ghali Belkecir \u00e0 l\u2019\u00e9tranger ont circul\u00e9 massivement ces derni\u00e8res 24 heures. Selon le site d\u2019information Alg\u00e9rie-Part qui suit les traces de Ghali Belkecir, ce dernier a \u00e9t\u00e9 annonc\u00e9 \u00e0 Paris et ensuite \u00e0 Barcelone. A-t-il fui l\u2019Alg\u00e9rie pour rejoindre sa famille en Espagne [&hellip;]<\/p>\n","protected":false},"author":1740,"featured_media":0,"comment_status":"closed","ping_status":"closed","sticky":false,"template":"","format":"standard","meta":{"fifu_image_url":"","fifu_image_alt":"","footnotes":""},"categories":[53,76],"tags":[],"class_list":["post-50704","post","type-post","status-publish","format-standard","hentry","category-algerie","category-regions"],"_links":{"self":[{"href":"https:\/\/linitiative.ca\/International\/wp-json\/wp\/v2\/posts\/50704","targetHints":{"allow":["GET"]}}],"collection":[{"href":"https:\/\/linitiative.ca\/International\/wp-json\/wp\/v2\/posts"}],"about":[{"href":"https:\/\/linitiative.ca\/International\/wp-json\/wp\/v2\/types\/post"}],"author":[{"embeddable":true,"href":"https:\/\/linitiative.ca\/International\/wp-json\/wp\/v2\/users\/1740"}],"replies":[{"embeddable":true,"href":"https:\/\/linitiative.ca\/International\/wp-json\/wp\/v2\/comments?post=50704"}],"version-history":[{"count":0,"href":"https:\/\/linitiative.ca\/International\/wp-json\/wp\/v2\/posts\/50704\/revisions"}],"wp:attachment":[{"href":"https:\/\/linitiative.ca\/International\/wp-json\/wp\/v2\/media?parent=50704"}],"wp:term":[{"taxonomy":"category","embeddable":true,"href":"https:\/\/linitiative.ca\/International\/wp-json\/wp\/v2\/categories?post=50704"},{"taxonomy":"post_tag","embeddable":true,"href":"https:\/\/linitiative.ca\/International\/wp-json\/wp\/v2\/tags?post=50704"}],"curies":[{"name":"wp","href":"https:\/\/api.w.org\/{rel}","templated":true}]}}