{"id":50715,"date":"2019-08-07T08:47:00","date_gmt":"2019-08-07T12:47:00","guid":{"rendered":"https:\/\/linitiative.ca\/International\/candidat-zbidi-montre-la-voie-et-quitte-la-defense-quen-sera-t-il-des-autres-photos\/"},"modified":"2019-08-07T08:47:00","modified_gmt":"2019-08-07T12:47:00","slug":"candidat-zbidi-montre-la-voie-et-quitte-la-defense-quen-sera-t-il-des-autres-photos","status":"publish","type":"post","link":"https:\/\/linitiative.ca\/International\/candidat-zbidi-montre-la-voie-et-quitte-la-defense-quen-sera-t-il-des-autres-photos\/","title":{"rendered":"Candidat, Zbidi montre la voie et quitte la D\u00e9fense, qu&rsquo;en sera-t-il des autres? (Photos)"},"content":{"rendered":"<p>Logique avec lui-m\u00eame, le ministre de la D\u00e9fense nationale, Abdelkrim Zbidi a annonc\u00e9 sa d\u00e9mission de ses fonctions d\u00e8s le d\u00e9p\u00f4t officiel de sa candidature \u00e0 la pr\u00e9sidentielle. Il se maintiendra cependant en poste, qui ne peut souffrir la moindre vacance, jusqu\u2019\u00e0 la d\u00e9signation de son successeur.<\/p>\n<p>La d\u00e9cision de Zbidi montre la voie aux autres membres du gouvernement candidats aux l\u00e9gislatives (Hichem Ben Ahmed, H\u00e9di Mekni\u2026). Elle pose une grande interrogation quant \u00e0 la position de Youssef Chahed, s\u2019il se d\u00e9cide \u00e0 briguer la magistrature supr\u00eame.<\/p>\n<p>Auteur:<br \/>\n<a href=\"https:\/\/www.leaders.com.tn\/article\/27711-abdelkrim-zbidi-demissionne-de-ses-fonctions-de-ministre-de-la-defense-nationale-mais-se-maintient-en-poste-jusqu-a-la-nomination-de-son-successeur\">Cliquez ici pour lire l&rsquo;article depuis sa source.<\/a><\/p>\n","protected":false},"excerpt":{"rendered":"<p>Logique avec lui-m\u00eame, le ministre de la D\u00e9fense nationale, Abdelkrim Zbidi a annonc\u00e9 sa d\u00e9mission de ses fonctions d\u00e8s le d\u00e9p\u00f4t officiel de sa candidature \u00e0 la pr\u00e9sidentielle. Il se maintiendra cependant en poste, qui ne peut souffrir la moindre vacance, jusqu\u2019\u00e0 la d\u00e9signation de son successeur. La d\u00e9cision de Zbidi montre la voie aux [&hellip;]<\/p>\n","protected":false},"author":1772,"featured_media":0,"comment_status":"closed","ping_status":"closed","sticky":false,"template":"","format":"standard","meta":{"fifu_image_url":"","fifu_image_alt":"","footnotes":""},"categories":[73,55],"tags":[],"class_list":["post-50715","post","type-post","status-publish","format-standard","hentry","category-actualite","category-tunisie"],"_links":{"self":[{"href":"https:\/\/linitiative.ca\/International\/wp-json\/wp\/v2\/posts\/50715","targetHints":{"allow":["GET"]}}],"collection":[{"href":"https:\/\/linitiative.ca\/International\/wp-json\/wp\/v2\/posts"}],"about":[{"href":"https:\/\/linitiative.ca\/International\/wp-json\/wp\/v2\/types\/post"}],"author":[{"embeddable":true,"href":"https:\/\/linitiative.ca\/International\/wp-json\/wp\/v2\/users\/1772"}],"replies":[{"embeddable":true,"href":"https:\/\/linitiative.ca\/International\/wp-json\/wp\/v2\/comments?post=50715"}],"version-history":[{"count":0,"href":"https:\/\/linitiative.ca\/International\/wp-json\/wp\/v2\/posts\/50715\/revisions"}],"wp:attachment":[{"href":"https:\/\/linitiative.ca\/International\/wp-json\/wp\/v2\/media?parent=50715"}],"wp:term":[{"taxonomy":"category","embeddable":true,"href":"https:\/\/linitiative.ca\/International\/wp-json\/wp\/v2\/categories?post=50715"},{"taxonomy":"post_tag","embeddable":true,"href":"https:\/\/linitiative.ca\/International\/wp-json\/wp\/v2\/tags?post=50715"}],"curies":[{"name":"wp","href":"https:\/\/api.w.org\/{rel}","templated":true}]}}