{"id":50724,"date":"2019-08-07T06:00:00","date_gmt":"2019-08-07T10:00:00","guid":{"rendered":"https:\/\/linitiative.ca\/International\/les-rouge-et-noir-a-pied-doeuvre-a-niamey\/"},"modified":"2019-08-07T06:00:00","modified_gmt":"2019-08-07T10:00:00","slug":"les-rouge-et-noir-a-pied-doeuvre-a-niamey","status":"publish","type":"post","link":"https:\/\/linitiative.ca\/International\/les-rouge-et-noir-a-pied-doeuvre-a-niamey\/","title":{"rendered":"Les Rouge et Noir \u00e0 pied d\u2019\u0153uvre \u00e0 Niamey"},"content":{"rendered":"<p>L\u2019USM Alger, qui apr\u00e8s avoir r\u00e9gl\u00e9 le probl\u00e8me financier pour assurer le d\u00e9placement \u00e0 Niamey apr\u00e8s l\u2019intervention de Al Hayat Petroleum, le groupe qui compte racheter les actions de l&rsquo;ETRHB et devenir actionnaire majoritaire de la SSPA\/USM Alger, se concentre sur la pr\u00e9paration de son match face \u00e0 l\u2019AS Sonidep comptant pour le premier tour pr\u00e9liminaire de la Ligue des champions d\u2019Afrique, vendredi. Les Rouge et Noir, qui ambitionnent de revenir avec un bon r\u00e9sultat en vue du match retour \u00e0 Bologhine, ont pr\u00e9f\u00e9r\u00e9 se rendre au Niger quatre jours avant la rencontre pour mieux s\u2019acclimater. Sur place, les camarades du portier Zemmamouche qui devrait retrouver sa place de titulaire, ont d\u00e9j\u00e0 effectu\u00e9 deux s\u00e9ances d\u2019entra\u00eenement, lundi et mardi, avec deux autres s\u00e9ances programm\u00e9es pour aujourd\u2019hui et demain dont celle-ci se d\u00e9roulera sur le terrain devant accueillir la rencontre. Par ailleurs, le staff technique devra se passer de pas moins de quatre \u00e9l\u00e9ments qui ne sont pas encore qualifi\u00e9s pour ce premier match africain. Il s\u2019agit de Karim Benkhelifa, Mohamed Benkhemassa, Hichem Belkaroui et Adem Redjhimi. Un casse-t\u00eate pour Dziri qui devrait composer avec les autres \u00e9l\u00e9ments dans l\u2019espoir de revenir avec un bon r\u00e9sultat en attendant la qualification des joueurs pour le match retour.<br \/>Ah. A.<\/p>\n<p>Auteur:<br \/>\n<a href=\"https:\/\/www.lesoirdalgerie.com\/sports\/les-rouge-et-noir-a-pied-doeuvre-a-niamey-28311\">Cliquez ici pour lire l&rsquo;article depuis sa source.<\/a><\/p>\n","protected":false},"excerpt":{"rendered":"<p>L\u2019USM Alger, qui apr\u00e8s avoir r\u00e9gl\u00e9 le probl\u00e8me financier pour assurer le d\u00e9placement \u00e0 Niamey apr\u00e8s l\u2019intervention de Al Hayat Petroleum, le groupe qui compte racheter les actions de l&rsquo;ETRHB et devenir actionnaire majoritaire de la SSPA\/USM Alger, se concentre sur la pr\u00e9paration de son match face \u00e0 l\u2019AS Sonidep comptant pour le premier tour [&hellip;]<\/p>\n","protected":false},"author":1741,"featured_media":0,"comment_status":"closed","ping_status":"closed","sticky":false,"template":"","format":"standard","meta":{"fifu_image_url":"","fifu_image_alt":"","footnotes":""},"categories":[73,53],"tags":[],"class_list":["post-50724","post","type-post","status-publish","format-standard","hentry","category-actualite","category-algerie"],"_links":{"self":[{"href":"https:\/\/linitiative.ca\/International\/wp-json\/wp\/v2\/posts\/50724","targetHints":{"allow":["GET"]}}],"collection":[{"href":"https:\/\/linitiative.ca\/International\/wp-json\/wp\/v2\/posts"}],"about":[{"href":"https:\/\/linitiative.ca\/International\/wp-json\/wp\/v2\/types\/post"}],"author":[{"embeddable":true,"href":"https:\/\/linitiative.ca\/International\/wp-json\/wp\/v2\/users\/1741"}],"replies":[{"embeddable":true,"href":"https:\/\/linitiative.ca\/International\/wp-json\/wp\/v2\/comments?post=50724"}],"version-history":[{"count":0,"href":"https:\/\/linitiative.ca\/International\/wp-json\/wp\/v2\/posts\/50724\/revisions"}],"wp:attachment":[{"href":"https:\/\/linitiative.ca\/International\/wp-json\/wp\/v2\/media?parent=50724"}],"wp:term":[{"taxonomy":"category","embeddable":true,"href":"https:\/\/linitiative.ca\/International\/wp-json\/wp\/v2\/categories?post=50724"},{"taxonomy":"post_tag","embeddable":true,"href":"https:\/\/linitiative.ca\/International\/wp-json\/wp\/v2\/tags?post=50724"}],"curies":[{"name":"wp","href":"https:\/\/api.w.org\/{rel}","templated":true}]}}