{"id":50725,"date":"2019-08-07T06:00:00","date_gmt":"2019-08-07T10:00:00","guid":{"rendered":"https:\/\/linitiative.ca\/International\/mellal-exhorte-ses-joueurs-on-doit-gagner-point-barre\/"},"modified":"2019-08-07T06:00:00","modified_gmt":"2019-08-07T10:00:00","slug":"mellal-exhorte-ses-joueurs-on-doit-gagner-point-barre","status":"publish","type":"post","link":"https:\/\/linitiative.ca\/International\/mellal-exhorte-ses-joueurs-on-doit-gagner-point-barre\/","title":{"rendered":"Mellal exhorte ses joueurs : \u00abon doit gagner, point barre ! \u00bb"},"content":{"rendered":"<div class=\"picture\"><img class=\"lazy\" data-original=\"\/data\/images\/article\/thumbs\/d-mellal-exhorte-ses-joueurs-on-doit-gagner-point-barre-edbd8.jpg\"\/>\n<\/div>\n<p>Le pr\u00e9sident de la JS Kabylie, Ch\u00e9rif Mellal, \u00e9voque le premier match de la saison de son \u00e9quipe qui affronte vendredi Al-Merreikh du Soudan en match comptant pour le premier tour pr\u00e9liminaire de la ligue des champions d\u2019Afrique au stade de l\u2019Unit\u00e9 magr\u00e9bine de B\u00e9ja\u00efa.<br \/>\u00abOn sait qu\u2019il s\u2019agit d\u2019un match difficile mais nous allons faire notre possible pour \u00eatre \u00e0 la hauteur. On doit gagner, point barre ! Parfois, je me dis peu importe la mani\u00e8re mais l\u2019essentiel est de marquer le maximum de buts, a soulign\u00e9 Mellal sur Le Buteur. Le r\u00e9sultat du match aller sera d\u00e9cisif. Si on veut se qualifier, on doit assurer ce vendredi. Nous sommes dans l\u2019obligation de marquer le maximum de buts, et ce, pour esp\u00e9rer jouer le match retour en toute tranquillit\u00e9. On doit \u00eatre dans notre jour car l\u2019erreur est interdite\u00bb. Mellal, qui exhorte ainsi ses joueurs \u00e0 se donner \u00e0 fond pour r\u00e9ussir leur premi\u00e8re sortie, affirme que l\u2019\u00e9quipe a fait une bonne pr\u00e9paration d\u2019intersaison. \u00abLes joueurs sont tous au top physiquement, nous allons tout faire pour marquer le maximum de buts et assurer notre qualification avant m\u00eame de jouer le match retour. Les joueurs ont travaill\u00e9 d\u2019arrache-pied durant plus de quatre semaines, ils auront besoin de l\u2019appui des supporters. Du coup, je tiens \u00e0 leur lancer un appel pour qu\u2019ils soient nombreux dans les gradins vendredi. C\u2019est avec leurs encouragements qu\u2019on pourra faire la diff\u00e9rence. C\u2019est votre match, soyez tr\u00e8s nombreux\u00bb. Par ailleurs, Mellal a \u00e9t\u00e9 entendu lundi par la Commission de recours de la F\u00e9d\u00e9ration alg\u00e9rienne de football (FAF) suite \u00e0 la d\u00e9falcation de trois points \u00e0 son \u00e9quipe par la Commission de discipline de la ligue de football professionnel (LFP) dans l\u2019affaire opposant la JSK au CSC. \u00abNous avons d\u00e9fendu \u00e0 fond notre dossier. Nous sommes pass\u00e9s devant la commission de recours de la FAF, en pr\u00e9sentant un dossier tr\u00e8s solide puisque nous avons apport\u00e9 toutes les preuves que nous n\u2019avons \u00e0 aucun moment essayer de corrompre qui que ce soit. J\u2019esp\u00e8re qu\u2019une r\u00e9ponse positive nous sera rendue\u00bb, explique Mellal qui affirme qu\u2019il est confiant. \u00abNous sommes confiants pour la lev\u00e9e de la suspension. Nous avons tout expliqu\u00e9 aux membres de la commission de recours, et c\u2019est pour cela que je suis confiant (\u2026) Le dossier est maintenant entre les mains de la commission de recours. Les membres devraient trancher incessamment. On aura la r\u00e9ponse d\u00e9finitive dans les prochaines 48 heures\u00bb. Et pour rassurer les supporters, le boss des Canaris explique qu\u2019il utilisera tous les voies possibles pour r\u00e9tablir la JSK dans ses droits. \u00abNous avons fait notre possible, les avocats aussi. Je tiens \u00e0 rassurer les supporters, je leur dis qu\u2019il y a toujours un moyen de contester les d\u00e9cisions. J\u2019esp\u00e8re qu\u2019on pourra r\u00e9cup\u00e9rer les points d\u00e9falqu\u00e9s. Je suis persuad\u00e9 qu\u2019on pourra gagner puisque nous avons des arguments \u00e0 faire valoir. Je tiens \u00e0 rester confiant et optimiste\u00bb.<br \/>Ah. A.<\/p>\n<p>Auteur:<br \/>\n<a href=\"https:\/\/www.lesoirdalgerie.com\/sports\/mellal-exhorte-ses-joueurs-on-doit-gagner-point-barre-28310\">Cliquez ici pour lire l&rsquo;article depuis sa source.<\/a><\/p>\n","protected":false},"excerpt":{"rendered":"<p>Le pr\u00e9sident de la JS Kabylie, Ch\u00e9rif Mellal, \u00e9voque le premier match de la saison de son \u00e9quipe qui affronte vendredi Al-Merreikh du Soudan en match comptant pour le premier tour pr\u00e9liminaire de la ligue des champions d\u2019Afrique au stade de l\u2019Unit\u00e9 magr\u00e9bine de B\u00e9ja\u00efa.\u00abOn sait qu\u2019il s\u2019agit d\u2019un match difficile mais nous allons faire [&hellip;]<\/p>\n","protected":false},"author":1741,"featured_media":0,"comment_status":"closed","ping_status":"closed","sticky":false,"template":"","format":"standard","meta":{"fifu_image_url":"","fifu_image_alt":"","footnotes":""},"categories":[73,53],"tags":[],"class_list":["post-50725","post","type-post","status-publish","format-standard","hentry","category-actualite","category-algerie"],"_links":{"self":[{"href":"https:\/\/linitiative.ca\/International\/wp-json\/wp\/v2\/posts\/50725","targetHints":{"allow":["GET"]}}],"collection":[{"href":"https:\/\/linitiative.ca\/International\/wp-json\/wp\/v2\/posts"}],"about":[{"href":"https:\/\/linitiative.ca\/International\/wp-json\/wp\/v2\/types\/post"}],"author":[{"embeddable":true,"href":"https:\/\/linitiative.ca\/International\/wp-json\/wp\/v2\/users\/1741"}],"replies":[{"embeddable":true,"href":"https:\/\/linitiative.ca\/International\/wp-json\/wp\/v2\/comments?post=50725"}],"version-history":[{"count":0,"href":"https:\/\/linitiative.ca\/International\/wp-json\/wp\/v2\/posts\/50725\/revisions"}],"wp:attachment":[{"href":"https:\/\/linitiative.ca\/International\/wp-json\/wp\/v2\/media?parent=50725"}],"wp:term":[{"taxonomy":"category","embeddable":true,"href":"https:\/\/linitiative.ca\/International\/wp-json\/wp\/v2\/categories?post=50725"},{"taxonomy":"post_tag","embeddable":true,"href":"https:\/\/linitiative.ca\/International\/wp-json\/wp\/v2\/tags?post=50725"}],"curies":[{"name":"wp","href":"https:\/\/api.w.org\/{rel}","templated":true}]}}