{"id":50726,"date":"2019-08-07T06:00:00","date_gmt":"2019-08-07T10:00:00","guid":{"rendered":"https:\/\/linitiative.ca\/International\/le-club-fixe-la-cession-dounas-a-35-millions-deuros\/"},"modified":"2019-08-07T06:00:00","modified_gmt":"2019-08-07T10:00:00","slug":"le-club-fixe-la-cession-dounas-a-35-millions-deuros","status":"publish","type":"post","link":"https:\/\/linitiative.ca\/International\/le-club-fixe-la-cession-dounas-a-35-millions-deuros\/","title":{"rendered":"Le club fixe la cession d&rsquo;Ounas \u00e0 35 millions d&rsquo;euros"},"content":{"rendered":"<p>La direction de Naples (Serie) aurait r\u00e9clam\u00e9 35 millions d&rsquo;euros pour vendre d\u00e9finitivement l&rsquo;ailier international alg\u00e9rien Adam Ounas, croit savoir le site sp\u00e9cialis\u00e9 Calciomercato. Les deux clubs fran\u00e7ais de Ligue 1 Lille et Marseille, se sont positionn\u00e9s pour s&rsquo;attacher les services du joueur alg\u00e9rien, dont le contrat avec Naples court encore jusqu&rsquo;en 2022. Les clubs de Serie A italienne Cagliari et la Fiorentina ainsi que le FC S\u00e9ville en Liga espagnole seraient \u00e9galement sur les rangs. Mais \u00e0 ce prix, les pr\u00e9tendants seront certainement revus \u00e0 la baisse. Le quotidien local Il Mattino a indiqu\u00e9 samedi que le Napoli privil\u00e9giait l&rsquo;option d&rsquo;un pr\u00eat, plut\u00f4t qu&rsquo;une cession d\u00e9finitive. Ounas (22 ans) s&rsquo;est distingu\u00e9 lors de la derni\u00e8re CAN-2019 disput\u00e9e et remport\u00e9e par l&rsquo;\u00e9quipe nationale en Egypte en marquant trois buts, en \u00e9tant rempla\u00e7ant, et d\u00e9livrant une passe d\u00e9cisive.<\/p>\n<p>Auteur:<br \/>\n<a href=\"https:\/\/www.lesoirdalgerie.com\/sports\/le-club-fixe-la-cession-dounas-a-35-millions-deuros-28309\">Cliquez ici pour lire l&rsquo;article depuis sa source.<\/a><\/p>\n","protected":false},"excerpt":{"rendered":"<p>La direction de Naples (Serie) aurait r\u00e9clam\u00e9 35 millions d&rsquo;euros pour vendre d\u00e9finitivement l&rsquo;ailier international alg\u00e9rien Adam Ounas, croit savoir le site sp\u00e9cialis\u00e9 Calciomercato. Les deux clubs fran\u00e7ais de Ligue 1 Lille et Marseille, se sont positionn\u00e9s pour s&rsquo;attacher les services du joueur alg\u00e9rien, dont le contrat avec Naples court encore jusqu&rsquo;en 2022. Les clubs [&hellip;]<\/p>\n","protected":false},"author":1741,"featured_media":0,"comment_status":"closed","ping_status":"closed","sticky":false,"template":"","format":"standard","meta":{"fifu_image_url":"","fifu_image_alt":"","footnotes":""},"categories":[73,53],"tags":[],"class_list":["post-50726","post","type-post","status-publish","format-standard","hentry","category-actualite","category-algerie"],"_links":{"self":[{"href":"https:\/\/linitiative.ca\/International\/wp-json\/wp\/v2\/posts\/50726","targetHints":{"allow":["GET"]}}],"collection":[{"href":"https:\/\/linitiative.ca\/International\/wp-json\/wp\/v2\/posts"}],"about":[{"href":"https:\/\/linitiative.ca\/International\/wp-json\/wp\/v2\/types\/post"}],"author":[{"embeddable":true,"href":"https:\/\/linitiative.ca\/International\/wp-json\/wp\/v2\/users\/1741"}],"replies":[{"embeddable":true,"href":"https:\/\/linitiative.ca\/International\/wp-json\/wp\/v2\/comments?post=50726"}],"version-history":[{"count":0,"href":"https:\/\/linitiative.ca\/International\/wp-json\/wp\/v2\/posts\/50726\/revisions"}],"wp:attachment":[{"href":"https:\/\/linitiative.ca\/International\/wp-json\/wp\/v2\/media?parent=50726"}],"wp:term":[{"taxonomy":"category","embeddable":true,"href":"https:\/\/linitiative.ca\/International\/wp-json\/wp\/v2\/categories?post=50726"},{"taxonomy":"post_tag","embeddable":true,"href":"https:\/\/linitiative.ca\/International\/wp-json\/wp\/v2\/tags?post=50726"}],"curies":[{"name":"wp","href":"https:\/\/api.w.org\/{rel}","templated":true}]}}