{"id":50733,"date":"2019-08-07T08:40:47","date_gmt":"2019-08-07T12:40:47","guid":{"rendered":"https:\/\/linitiative.ca\/International\/video-transport-une-greve-de-bus-paralyse-casablanca\/"},"modified":"2019-08-07T08:40:47","modified_gmt":"2019-08-07T12:40:47","slug":"video-transport-une-greve-de-bus-paralyse-casablanca","status":"publish","type":"post","link":"https:\/\/linitiative.ca\/International\/video-transport-une-greve-de-bus-paralyse-casablanca\/","title":{"rendered":"Video. Transport : une gr\u00e8ve de bus paralyse Casablanca"},"content":{"rendered":"<p><strong>Les casablancais ont \u00e9t\u00e9 surpris ce mercredi matin par la gr\u00e8ve des chauffeurs de M\u2019dina Bus. Une gr\u00e8ve qui n\u2019a pas \u00e9t\u00e9 du go\u00fbt des passagers vu le manque des grands taxis.<\/strong><\/p>\n<div class=\"c10\"\/>\n<p>Les citoyens de <strong>Casablanca<\/strong> se sont retrouv\u00e9s sans moyen de transport ce mercredi matin, surtout dans des zones \u00e0 forte densit\u00e9 de population comme \u00e0 A\u00efn chock ou Sidi Bernoussi, suite \u00e0 la gr\u00e8ve des chauffeurs de <strong>M\u2019dina Bus<\/strong>.<\/p>\n<p>Station des grands taxis Ain Chock<\/p>\n<p>Les stations des grands taxis se sont remplies de citoyens \u00e0 la recherche d\u2019un moyen de transport. Ils se sont heurt\u00e9s aux chauffeurs qui ont refus\u00e9 de les transporter au centre-ville \u00e0 cause de la tr\u00e8s grande demande de transport vers cette destination, ce qui a caus\u00e9 plusieurs bouchons.<\/p>\n<p>Lire aussi: <a href=\"https:\/\/www.challenge.ma\/nouvelles-lignes-de-bus-le-chantier-demarre-a-casablanca-115154\/\">Nouvelles lignes de bus : Le chantier d\u00e9marre \u00e0 Casablanca<\/a><\/p>\n<p>Une des citoyennes rencontr\u00e9e \u00e0 la station de A\u00efn Chock a indiqu\u00e9 qu\u2019elle \u00ab\u00a0attendait plus de deux heures qu\u2019un moyen de transport l\u2019emm\u00e8ne de A\u00efn Chock jusqu\u2019\u00e0 son lieu de travail situ\u00e9 au centre-ville \u00bb.<\/p>\n<div class=\"c17\">\n<fieldset class=\"c16\">\n<legend><strong><span class=\"c11\">Challenge<\/span><span class=\"c12\">news<\/span><\/strong><\/legend>\n<div class=\"c15\">Le meilleur de la r\u00e9daction s\u00e9lectionn\u00e9 par Challenge :<\/p>\n<\/div>\n<\/fieldset>\n<\/div>\n<p>Auteur: Hajar DARI<br \/>\n<a href=\"https:\/\/www.challenge.ma\/transport-une-greve-de-bus-paralyse-casablanca-115146\/\">Cliquez ici pour lire l&rsquo;article depuis sa source.<\/a><\/p>\n","protected":false},"excerpt":{"rendered":"<p>Les casablancais ont \u00e9t\u00e9 surpris ce mercredi matin par la gr\u00e8ve des chauffeurs de M\u2019dina Bus. Une gr\u00e8ve qui n\u2019a pas \u00e9t\u00e9 du go\u00fbt des passagers vu le manque des grands taxis. Les citoyens de Casablanca se sont retrouv\u00e9s sans moyen de transport ce mercredi matin, surtout dans des zones \u00e0 forte densit\u00e9 de population [&hellip;]<\/p>\n","protected":false},"author":1787,"featured_media":0,"comment_status":"closed","ping_status":"closed","sticky":false,"template":"","format":"standard","meta":{"fifu_image_url":"","fifu_image_alt":"","footnotes":""},"categories":[78,54],"tags":[],"class_list":["post-50733","post","type-post","status-publish","format-standard","hentry","category-economie","category-maroc"],"_links":{"self":[{"href":"https:\/\/linitiative.ca\/International\/wp-json\/wp\/v2\/posts\/50733","targetHints":{"allow":["GET"]}}],"collection":[{"href":"https:\/\/linitiative.ca\/International\/wp-json\/wp\/v2\/posts"}],"about":[{"href":"https:\/\/linitiative.ca\/International\/wp-json\/wp\/v2\/types\/post"}],"author":[{"embeddable":true,"href":"https:\/\/linitiative.ca\/International\/wp-json\/wp\/v2\/users\/1787"}],"replies":[{"embeddable":true,"href":"https:\/\/linitiative.ca\/International\/wp-json\/wp\/v2\/comments?post=50733"}],"version-history":[{"count":0,"href":"https:\/\/linitiative.ca\/International\/wp-json\/wp\/v2\/posts\/50733\/revisions"}],"wp:attachment":[{"href":"https:\/\/linitiative.ca\/International\/wp-json\/wp\/v2\/media?parent=50733"}],"wp:term":[{"taxonomy":"category","embeddable":true,"href":"https:\/\/linitiative.ca\/International\/wp-json\/wp\/v2\/categories?post=50733"},{"taxonomy":"post_tag","embeddable":true,"href":"https:\/\/linitiative.ca\/International\/wp-json\/wp\/v2\/tags?post=50733"}],"curies":[{"name":"wp","href":"https:\/\/api.w.org\/{rel}","templated":true}]}}