{"id":50735,"date":"2019-08-07T09:20:55","date_gmt":"2019-08-07T13:20:55","guid":{"rendered":"https:\/\/linitiative.ca\/International\/9-decembre-2001-creation-de-diwan-al-madhalim\/"},"modified":"2019-08-07T09:20:55","modified_gmt":"2019-08-07T13:20:55","slug":"9-decembre-2001-creation-de-diwan-al-madhalim","status":"publish","type":"post","link":"https:\/\/linitiative.ca\/International\/9-decembre-2001-creation-de-diwan-al-madhalim\/","title":{"rendered":"9 D\u00e9cembre 2001 : Cr\u00e9ation de Diwan Al Madhalim"},"content":{"rendered":"<p>L\u2019 institution est d\u00e9di\u00e9e aux <strong>droits humains<\/strong> qui s\u2019inspirent des pratiques ancestrales en terre d\u2019Islam et des exp\u00e9riences internationales : version locale de l\u2019Ombudsman. <strong>Diwan Al Madhalim<\/strong> est charg\u00e9e de promouvoir l\u2019interm\u00e9diation entre les citoyens et tout organisme exer\u00e7ant des pr\u00e9rogatives de puissance publique.<\/p>\n<div class=\"c16\">\n<fieldset class=\"c15\">\n<legend><strong><span class=\"c10\">Challenge<\/span><span class=\"c11\">news<\/span><\/strong><\/legend>\n<div class=\"c14\">Le meilleur de la r\u00e9daction s\u00e9lectionn\u00e9 par Challenge :<\/p>\n<\/div>\n<\/fieldset>\n<\/div>\n<p>Auteur: challenge<br \/>\n<a href=\"https:\/\/www.challenge.ma\/9-decembre-2001-creation-de-diwan-al-madhalim-114547\/\">Cliquez ici pour lire l&rsquo;article depuis sa source.<\/a><\/p>\n","protected":false},"excerpt":{"rendered":"<p>L\u2019 institution est d\u00e9di\u00e9e aux droits humains qui s\u2019inspirent des pratiques ancestrales en terre d\u2019Islam et des exp\u00e9riences internationales : version locale de l\u2019Ombudsman. Diwan Al Madhalim est charg\u00e9e de promouvoir l\u2019interm\u00e9diation entre les citoyens et tout organisme exer\u00e7ant des pr\u00e9rogatives de puissance publique. Challengenews Le meilleur de la r\u00e9daction s\u00e9lectionn\u00e9 par Challenge : Auteur: [&hellip;]<\/p>\n","protected":false},"author":1787,"featured_media":0,"comment_status":"closed","ping_status":"closed","sticky":false,"template":"","format":"standard","meta":{"fifu_image_url":"","fifu_image_alt":"","footnotes":""},"categories":[78,54],"tags":[],"class_list":["post-50735","post","type-post","status-publish","format-standard","hentry","category-economie","category-maroc"],"_links":{"self":[{"href":"https:\/\/linitiative.ca\/International\/wp-json\/wp\/v2\/posts\/50735","targetHints":{"allow":["GET"]}}],"collection":[{"href":"https:\/\/linitiative.ca\/International\/wp-json\/wp\/v2\/posts"}],"about":[{"href":"https:\/\/linitiative.ca\/International\/wp-json\/wp\/v2\/types\/post"}],"author":[{"embeddable":true,"href":"https:\/\/linitiative.ca\/International\/wp-json\/wp\/v2\/users\/1787"}],"replies":[{"embeddable":true,"href":"https:\/\/linitiative.ca\/International\/wp-json\/wp\/v2\/comments?post=50735"}],"version-history":[{"count":0,"href":"https:\/\/linitiative.ca\/International\/wp-json\/wp\/v2\/posts\/50735\/revisions"}],"wp:attachment":[{"href":"https:\/\/linitiative.ca\/International\/wp-json\/wp\/v2\/media?parent=50735"}],"wp:term":[{"taxonomy":"category","embeddable":true,"href":"https:\/\/linitiative.ca\/International\/wp-json\/wp\/v2\/categories?post=50735"},{"taxonomy":"post_tag","embeddable":true,"href":"https:\/\/linitiative.ca\/International\/wp-json\/wp\/v2\/tags?post=50735"}],"curies":[{"name":"wp","href":"https:\/\/api.w.org\/{rel}","templated":true}]}}