{"id":50740,"date":"2019-08-07T12:00:59","date_gmt":"2019-08-07T16:00:59","guid":{"rendered":"https:\/\/linitiative.ca\/International\/amadeus-100-propositions-pour-un-modele-de-developpement-durable\/"},"modified":"2019-08-07T12:00:59","modified_gmt":"2019-08-07T16:00:59","slug":"amadeus-100-propositions-pour-un-modele-de-developpement-durable","status":"publish","type":"post","link":"https:\/\/linitiative.ca\/International\/amadeus-100-propositions-pour-un-modele-de-developpement-durable\/","title":{"rendered":"Amadeus : 100 propositions pour un mod\u00e8le de d\u00e9veloppement durable"},"content":{"rendered":"<p><strong>L\u2019Institut Amadeus a rendu public mardi un M\u00e9morandum intitul\u00e9 \u00ab\u00a0100 propositions pour un mod\u00e8le de d\u00e9veloppement national durable, juste, inclusif et innovant\u00a0\u00bb.<\/strong><\/p>\n<div class=\"c10\"\/>\n<p>Dans ce <strong>M\u00e9morandum<\/strong> publi\u00e9 suite \u00e0 la dynamique de r\u00e9novation du mod\u00e8le de d\u00e9veloppement lanc\u00e9e par le roi Mohammed VI, quatre axes ont \u00e9t\u00e9 identifi\u00e9s comme \u00e9tant les piliers d\u2019un nouveau socle de d\u00e9veloppement, \u00e0 savoir : la cr\u00e9ation de nouveaux espaces de croissance pour l\u2019\u00e9conomie, le renforcement d\u2019une gouvernance moderne \u00e0 la fois prospective et proche des citoyens, l\u2019\u00e9closion du capital humain du <strong>Maroc<\/strong> (qu\u2019Amadeus consid\u00e8re comme un v\u00e9ritable gisement sous-exploit\u00e9) et le renforcement du positionnement du royaume dans son ancrage international.<\/p>\n<p>L\u2019<strong>Institut Amadeus<\/strong>, qui travaille depuis plusieurs mois sur la question, a organis\u00e9 depuis novembre 2018 plus d\u2019une dizaine de sessions de travail et de tables rondes, consacr\u00e9es au mod\u00e8le de d\u00e9veloppement, regroupant plus de 80 contributeurs marocains et \u00e9trangers de sensibilit\u00e9s diverses (responsables politiques, experts, op\u00e9rateurs \u00e9conomiques, organisations internationales, acteurs associatifs, etc.). Les contributions de l\u2019ensemble de ces personnalit\u00e9s ont servi de base aux synth\u00e8ses, aux recommandations et aux propositions retenues dans ce M\u00e9morandum.<\/p>\n<p>Cette approche participative a permis de mettre en lumi\u00e8re la n\u00e9cessit\u00e9 de consid\u00e9rer la refonte du <strong>mod\u00e8le de d\u00e9veloppement<\/strong> national d\u2019un point de vue multidimensionnel et holistique, \u00e0 travers la prise en compte de l\u2019ensemble des facteurs endog\u00e8nes (les r\u00e9alit\u00e9s, les dynamiques et les contraintes internes) et des facteurs exog\u00e8nes (les r\u00e9alit\u00e9s externes, les dynamiques g\u00e9o\u00e9conomiques et les contraintes internationales) qui impactent le Royaume, rel\u00e8ve l\u2019Institut.\u00a0 Selon Brahim Fassi Fihri, pr\u00e9sident-fondateur de l\u2019Institut Amadeus, \u00ab\u00a0appr\u00e9hender le mod\u00e8le de d\u00e9veloppement du simple point de vue de la croissance \u00e9conomique serait une ineptie et une r\u00e9ponse plus que partielle \u00e0 la n\u00e9cessit\u00e9 de r\u00e9instaurer la confiance en l\u2019avenir, mais \u00e9galement d\u2019\u00e9tablir une soci\u00e9t\u00e9 plus juste et plus inclusive\u00a0\u00bb.<\/p>\n<p>A cette fin, les <strong>100 propositions<\/strong> retenues dans ce M\u00e9morandum sont \u00e0 la fois sectorielles et transverses. Pour l\u2019Institut, qu\u2019elles soient en mati\u00e8re d\u2019\u00e9conomie, d\u2019investissements, de justice social, de capital humain, de confiance, de soci\u00e9t\u00e9, de migrations ou d\u2019ancrage international du royaume, les propositions \u00e9nonc\u00e9es sont, par nature, \u00ab\u00a0compl\u00e9mentaires et ne sauraient donc \u00eatre consid\u00e9r\u00e9es individuellement\u00a0\u00bb. \u00ab\u00a0Elles ont vocation \u00e0 faire partie d\u2019un tout, \u00e0 savoir le cheminement vers l\u2019\u00e9mergence, le renforcement de la justice sociale et l\u2019atteinte d\u2019une forme de prosp\u00e9rit\u00e9 partag\u00e9e \u00e0 travers la mise en place de solutions novatrices\u00a0\u00bb, estime l\u2019Institut Amadeus.<\/p>\n<p>Cette approche participative a permis de mettre en lumi\u00e8re la n\u00e9cessit\u00e9 de consid\u00e9rer la refonte du <strong>mod\u00e8le de d\u00e9veloppement<\/strong> national d\u2019un point de vue multidimensionnel et holistique, \u00e0 travers la prise en compte de l\u2019ensemble des facteurs endog\u00e8nes (les r\u00e9alit\u00e9s, les dynamiques et les contraintes internes) et des facteurs exog\u00e8nes (les r\u00e9alit\u00e9s externes, les dynamiques g\u00e9o\u00e9conomiques et les contraintes internationales) qui impactent le Royaume, rel\u00e8ve l\u2019Institut.\u00a0 Selon Brahim Fassi Fihri, pr\u00e9sident-fondateur de l\u2019Institut Amadeus, \u00ab\u00a0appr\u00e9hender le mod\u00e8le de d\u00e9veloppement du simple point de vue de la croissance \u00e9conomique serait une ineptie et une r\u00e9ponse plus que partielle \u00e0 la n\u00e9cessit\u00e9 de r\u00e9instaurer la confiance en l\u2019avenir, mais \u00e9galement d\u2019\u00e9tablir une soci\u00e9t\u00e9 plus juste et plus inclusive\u00a0\u00bb.<\/p>\n<p>A cette fin, les <strong>100 propositions<\/strong> retenues dans ce M\u00e9morandum sont \u00e0 la fois sectorielles et transverses. Pour l\u2019Institut, qu\u2019elles soient en mati\u00e8re d\u2019\u00e9conomie, d\u2019investissements, de justice social, de capital humain, de confiance, de soci\u00e9t\u00e9, de migrations ou d\u2019ancrage international du royaume, les propositions \u00e9nonc\u00e9es sont, par nature, \u00ab\u00a0compl\u00e9mentaires et ne sauraient donc \u00eatre consid\u00e9r\u00e9es individuellement\u00a0\u00bb. \u00ab\u00a0Elles ont vocation \u00e0 faire partie d\u2019un tout, \u00e0 savoir le cheminement vers l\u2019\u00e9mergence, le renforcement de la justice sociale et l\u2019atteinte d\u2019une forme de prosp\u00e9rit\u00e9 partag\u00e9e \u00e0 travers la mise en place de solutions novatrices\u00a0\u00bb, estime l\u2019Institut Amadeus.<\/p>\n<div class=\"c17\">\n<fieldset class=\"c16\">\n<legend><strong><span class=\"c11\">Challenge<\/span><span class=\"c12\">news<\/span><\/strong><\/legend>\n<div class=\"c15\">Le meilleur de la r\u00e9daction s\u00e9lectionn\u00e9 par Challenge :<\/p>\n<\/div>\n<\/fieldset>\n<\/div>\n<p>Auteur: Karim Handaoui<br \/>\n<a href=\"https:\/\/www.challenge.ma\/amadeus-100-propositions-pour-un-modele-de-developpement-durable-115158\/\">Cliquez ici pour lire l&rsquo;article depuis sa source.<\/a><\/p>\n","protected":false},"excerpt":{"rendered":"<p>L\u2019Institut Amadeus a rendu public mardi un M\u00e9morandum intitul\u00e9 \u00ab\u00a0100 propositions pour un mod\u00e8le de d\u00e9veloppement national durable, juste, inclusif et innovant\u00a0\u00bb. Dans ce M\u00e9morandum publi\u00e9 suite \u00e0 la dynamique de r\u00e9novation du mod\u00e8le de d\u00e9veloppement lanc\u00e9e par le roi Mohammed VI, quatre axes ont \u00e9t\u00e9 identifi\u00e9s comme \u00e9tant les piliers d\u2019un nouveau socle de [&hellip;]<\/p>\n","protected":false},"author":1787,"featured_media":0,"comment_status":"closed","ping_status":"closed","sticky":false,"template":"","format":"standard","meta":{"fifu_image_url":"","fifu_image_alt":"","footnotes":""},"categories":[78,54],"tags":[],"class_list":["post-50740","post","type-post","status-publish","format-standard","hentry","category-economie","category-maroc"],"_links":{"self":[{"href":"https:\/\/linitiative.ca\/International\/wp-json\/wp\/v2\/posts\/50740","targetHints":{"allow":["GET"]}}],"collection":[{"href":"https:\/\/linitiative.ca\/International\/wp-json\/wp\/v2\/posts"}],"about":[{"href":"https:\/\/linitiative.ca\/International\/wp-json\/wp\/v2\/types\/post"}],"author":[{"embeddable":true,"href":"https:\/\/linitiative.ca\/International\/wp-json\/wp\/v2\/users\/1787"}],"replies":[{"embeddable":true,"href":"https:\/\/linitiative.ca\/International\/wp-json\/wp\/v2\/comments?post=50740"}],"version-history":[{"count":0,"href":"https:\/\/linitiative.ca\/International\/wp-json\/wp\/v2\/posts\/50740\/revisions"}],"wp:attachment":[{"href":"https:\/\/linitiative.ca\/International\/wp-json\/wp\/v2\/media?parent=50740"}],"wp:term":[{"taxonomy":"category","embeddable":true,"href":"https:\/\/linitiative.ca\/International\/wp-json\/wp\/v2\/categories?post=50740"},{"taxonomy":"post_tag","embeddable":true,"href":"https:\/\/linitiative.ca\/International\/wp-json\/wp\/v2\/tags?post=50740"}],"curies":[{"name":"wp","href":"https:\/\/api.w.org\/{rel}","templated":true}]}}