{"id":50741,"date":"2019-08-07T16:36:42","date_gmt":"2019-08-07T20:36:42","guid":{"rendered":"https:\/\/linitiative.ca\/International\/shortons-les-un-appel-pour-dire-non-aux-propagateurs-de-la-haine\/"},"modified":"2019-08-07T16:36:42","modified_gmt":"2019-08-07T20:36:42","slug":"shortons-les-un-appel-pour-dire-non-aux-propagateurs-de-la-haine","status":"publish","type":"post","link":"https:\/\/linitiative.ca\/International\/shortons-les-un-appel-pour-dire-non-aux-propagateurs-de-la-haine\/","title":{"rendered":"S(H)ORTONS-LES !, un appel pour dire non \u00ab\u00a0aux propagateurs de la haine\u00a0\u00bb"},"content":{"rendered":"<p><strong>Faisant suite aux posts Facebook d\u2019un enseignant et d\u2019un parlementaire, une cinquantaine de personnalit\u00e9s viennent de lancer un appel.<\/strong><\/p>\n<div class=\"c10\"\/>\n<p>\u00ab\u00a0<strong>S(H)ORTONS-LES<\/strong> !\u00a0\u00bb est un appel pour dire non \u00ab\u00a0aux propagateurs de la haine\u00a0\u00bb, lanc\u00e9 par plusieurs acteurs marocains de tous bords sur fond de l\u2019appel d\u2019un enseignant et la r\u00e9action d\u2019un d\u00e9put\u00e9 contre des filles belges. Ces derni\u00e8res, des b\u00e9n\u00e9voles, ont r\u00e9alis\u00e9 le balisage d\u2019une route dans un village de <strong>Taroudant<\/strong>, v\u00eatues de shorts, de T-Shirts et de d\u00e9bardeurs.<\/p>\n<p><img decoding=\"async\" src=\"https:\/\/www.challenge.ma\/wp-content\/uploads\/2019\/08\/Ali-El-Asri.jpg\" alt=\"\" class=\"wp-image-115197\" srcset=\"https:\/\/www.challenge.ma\/wp-content\/uploads\/2019\/08\/Ali-El-Asri.jpg 470w, https:\/\/www.challenge.ma\/wp-content\/uploads\/2019\/08\/Ali-El-Asri-239x300.jpg 239w, https:\/\/www.challenge.ma\/wp-content\/uploads\/2019\/08\/Ali-El-Asri-360x452.jpg 360w\" sizes=\"(max-width: 470px) 100vw, 470px\"\/><\/p>\n<p>\u00ab\u00a0S(h)ortons-les ces propagateurs de haine, ne leur donnons plus d\u2019audience, montrons-leur que le Maroc c\u2019est nous et que nous sommes la solution !\u00a0\u00bb, lit-on dans cet appel sign\u00e9 jusqu\u2019\u00e0 pr\u00e9sent par une cinquantaine de personnalit\u00e9s et d\u2019acteurs marocains de tous bords (journalistes, universitaires, acteurs associatifs, \u00e9crivains, artistes, cin\u00e9astes \u2026). \u00ab\u00a0De jeunes <strong>filles belges<\/strong> -dans le cadre d\u2019une mission humanitaire- viennent construire une route pour d\u00e9senclaver une ville pr\u00e8s de Taroudant, elles sont v\u00eatues de shorts, de T-Shirts, de d\u00e9bardeurs\u2026quoi de plus normal, banal, habituel ?\u00a0\u00bb, rappellent les signataires, soulignant qu\u2019un enseignant appelle \u00e0 les d\u00e9capiter, alors qu\u2019un d\u00e9put\u00e9 PJD s\u2019insurge au pr\u00e9texte qu\u2019elles viendraient \u00ab\u00a0importer la d\u00e9bauche europ\u00e9enne\u00a0\u00bb\u2026 \u00ab\u00a0Marchons-nous sur la t\u00eate, allons-nous nous laisser tirer vers le fond !\u00a0\u00bb. \u00ab\u00a0Ils ne sont pas LE <strong>Maroc<\/strong> !\u00a0\u00bb, notent-ils.<\/p>\n<p>Lire aussi : <a href=\"https:\/\/www.challenge.ma\/ksar-el-kebir-arrestation-dun-enseignant-pour-incitation-au-terrorisme-115052\/\" target=\"_blank\" rel=\"noreferrer noopener\" aria-label=\"Ksar El K\u00e9bir : arrestation d\u2019un enseignant pour incitation au terrorisme (s\u2019ouvre dans un nouvel onglet)\">Ksar El K\u00e9bir : arrestation d\u2019un enseignant pour incitation au terrorisme<\/a><\/p>\n<p>\u00ab\u00a0Nous Marocain(e)s, Marocains du Monde, Marocain(e)s de C\u0153ur, Non-Marocains vivant au Maroc, Touristes, Hommes et Femmes ami(e)s du Maroc\u2026 leur d\u00e9nions le droit de parler en notre nom !\u00a0\u00bb, soulignent les signataires de l\u2019appel, qui par cette initiative tiennent \u00e0 assurer les jeunes filles belges du soutien des Marocains, de leur amiti\u00e9 et de leurs remerciements fraternels. Ils demandent par la m\u00eame occasion que l\u2019enseignant soit poursuivi pour apologie du terrorisme et que le d\u00e9put\u00e9 remette sa d\u00e9mission, estimant qu\u2019 \u00ab\u00a0il n\u2019est pas acceptable que de tels individus prennent ainsi en otage toute une population\u00a0\u00bb.<\/p>\n<p><iframe loading=\"lazy\" src=\"https:\/\/www.facebook.com\/plugins\/post.php?href=https%3A%2F%2Fwww.facebook.com%2Fnajib.senhadji%2Fposts%2F10158907416119546&#038;width=500\" width=\"500\" height=\"548\">[embedded content]<\/iframe><\/p>\n<p>\u00ab\u00a0Pour le projet de soci\u00e9t\u00e9 qui est le n\u00f4tre et que nous d\u00e9fendons, nous ne pouvons laisser de tels propos sans r\u00e9action !\u00a0\u00bb, notent les signataires qui lancent un appel pour que \u00ab\u00a0nous sortons nos shorts et que 10, que 100, que 1 000 publient une photo de profil sur <strong>Facebook<\/strong> v\u00eatus de shorts, r\u00e9pondons \u00e0 la b\u00eatise incommensurable par l\u2019humour, la d\u00e9rision et la fraternit\u00e9\u2026\u00a0\u00bb.<\/p>\n<div class=\"c17\">\n<fieldset class=\"c16\">\n<legend><strong><span class=\"c11\">Challenge<\/span><span class=\"c12\">news<\/span><\/strong><\/legend>\n<div class=\"c15\">Le meilleur de la r\u00e9daction s\u00e9lectionn\u00e9 par Challenge :<\/p>\n<\/div>\n<\/fieldset>\n<\/div>\n<p>Auteur: challenge<br \/>\n<a href=\"https:\/\/www.challenge.ma\/shortons-les-un-appel-pour-dire-non-aux-propagateurs-de-la-haine-115196\/\">Cliquez ici pour lire l&rsquo;article depuis sa source.<\/a><\/p>\n","protected":false},"excerpt":{"rendered":"<p>Faisant suite aux posts Facebook d\u2019un enseignant et d\u2019un parlementaire, une cinquantaine de personnalit\u00e9s viennent de lancer un appel. \u00ab\u00a0S(H)ORTONS-LES !\u00a0\u00bb est un appel pour dire non \u00ab\u00a0aux propagateurs de la haine\u00a0\u00bb, lanc\u00e9 par plusieurs acteurs marocains de tous bords sur fond de l\u2019appel d\u2019un enseignant et la r\u00e9action d\u2019un d\u00e9put\u00e9 contre des filles belges. [&hellip;]<\/p>\n","protected":false},"author":1787,"featured_media":50742,"comment_status":"closed","ping_status":"closed","sticky":false,"template":"","format":"standard","meta":{"fifu_image_url":"","fifu_image_alt":"","footnotes":""},"categories":[78,54],"tags":[],"class_list":["post-50741","post","type-post","status-publish","format-standard","has-post-thumbnail","hentry","category-economie","category-maroc"],"_links":{"self":[{"href":"https:\/\/linitiative.ca\/International\/wp-json\/wp\/v2\/posts\/50741","targetHints":{"allow":["GET"]}}],"collection":[{"href":"https:\/\/linitiative.ca\/International\/wp-json\/wp\/v2\/posts"}],"about":[{"href":"https:\/\/linitiative.ca\/International\/wp-json\/wp\/v2\/types\/post"}],"author":[{"embeddable":true,"href":"https:\/\/linitiative.ca\/International\/wp-json\/wp\/v2\/users\/1787"}],"replies":[{"embeddable":true,"href":"https:\/\/linitiative.ca\/International\/wp-json\/wp\/v2\/comments?post=50741"}],"version-history":[{"count":0,"href":"https:\/\/linitiative.ca\/International\/wp-json\/wp\/v2\/posts\/50741\/revisions"}],"wp:featuredmedia":[{"embeddable":true,"href":"https:\/\/linitiative.ca\/International\/wp-json\/"}],"wp:attachment":[{"href":"https:\/\/linitiative.ca\/International\/wp-json\/wp\/v2\/media?parent=50741"}],"wp:term":[{"taxonomy":"category","embeddable":true,"href":"https:\/\/linitiative.ca\/International\/wp-json\/wp\/v2\/categories?post=50741"},{"taxonomy":"post_tag","embeddable":true,"href":"https:\/\/linitiative.ca\/International\/wp-json\/wp\/v2\/tags?post=50741"}],"curies":[{"name":"wp","href":"https:\/\/api.w.org\/{rel}","templated":true}]}}