{"id":50755,"date":"2019-08-07T12:44:36","date_gmt":"2019-08-07T16:44:36","guid":{"rendered":"https:\/\/linitiative.ca\/International\/tunisie-derniere-minute-le-parquet-refuse-la-decision-de-liberation-de-lavocat-accuse-de-meurtre\/"},"modified":"2019-08-07T12:44:36","modified_gmt":"2019-08-07T16:44:36","slug":"tunisie-derniere-minute-le-parquet-refuse-la-decision-de-liberation-de-lavocat-accuse-de-meurtre","status":"publish","type":"post","link":"https:\/\/linitiative.ca\/International\/tunisie-derniere-minute-le-parquet-refuse-la-decision-de-liberation-de-lavocat-accuse-de-meurtre\/","title":{"rendered":"Tunisie \u2013 Derni\u00e8re minute: le parquet refuse la d\u00e9cision de lib\u00e9ration de l\u2019avocat accus\u00e9 de meurtre"},"content":{"rendered":"<div class=\"post-cont-in left relative\">\n<div class=\"swp_social_panel swp_horizontal_panel swp_flat_fresh swp_default_full_color swp_individual_full_color swp_other_full_color scale-100 scale-\" data-min-width=\"1100\" data-float-color=\"#ffffff\" data-float=\"none\" data-float-mobile=\"none\" data-transition=\"slide\">\n<div class=\"nc_tweetContainer swp_share_button total_shares total_sharesalt\"><span class=\"swp_count\">47 <span class=\"swp_label\">Partages<\/span><\/span><\/div>\n<\/div>\n<p>Le parquet de Sousse a refus\u00e9, il y a quelques instants, la d\u00e9cision \u00e9mise quelques heures auparavant par le juge d\u2019instruction,\u00a0de lib\u00e9rer l\u2019avocat accus\u00e9 d\u2019avoir assassin\u00e9 un cambrioleur qui s\u2019\u00e9tait introduit chez lui.<\/p>\n<div class=\"mvp-org-wrap mvp-org-logo\" itemprop=\"publisher\" itemscope=\"\" itemtype=\"https:\/\/schema.org\/Organization\"><img decoding=\"async\" src=\"https:\/\/www.tunisienumerique.com\/wp-content\/uploads\/2017\/02\/logo_tunisie_numerique.png\"\/><\/div>\n<div class=\"swp_social_panel swp_horizontal_panel swp_flat_fresh swp_default_full_color swp_individual_full_color swp_other_full_color scale-100 scale-\" data-min-width=\"1100\" data-float-color=\"#ffffff\" data-float=\"none\" data-float-mobile=\"none\" data-transition=\"slide\">\n<div class=\"nc_tweetContainer swp_share_button total_shares total_sharesalt\"><span class=\"swp_count\">47 <span class=\"swp_label\">Partages<\/span><\/span><\/div>\n<\/div>\n<div class=\"mvp-related-posts left relative\">\n<h4 class=\"post-header\"><span class=\"post-header\">Lire aussi<\/span><\/h4>\n<\/div>\n<\/div>\n<p>Auteur: LM<br \/>\n<a href=\"https:\/\/www.tunisienumerique.com\/tunisie-derniere-minute-le-parquet-refuse-la-decision-de-liberation-de-lavocat-accuse-de-meurtre\/\">Cliquez ici pour lire l&rsquo;article depuis sa source.<\/a><\/p>\n","protected":false},"excerpt":{"rendered":"<p>47 Partages Le parquet de Sousse a refus\u00e9, il y a quelques instants, la d\u00e9cision \u00e9mise quelques heures auparavant par le juge d\u2019instruction,\u00a0de lib\u00e9rer l\u2019avocat accus\u00e9 d\u2019avoir assassin\u00e9 un cambrioleur qui s\u2019\u00e9tait introduit chez lui. 47 Partages Lire aussi Auteur: LM Cliquez ici pour lire l&rsquo;article depuis sa source.<\/p>\n","protected":false},"author":1789,"featured_media":50756,"comment_status":"closed","ping_status":"closed","sticky":false,"template":"","format":"standard","meta":{"fifu_image_url":"","fifu_image_alt":"","footnotes":""},"categories":[73,55],"tags":[],"class_list":["post-50755","post","type-post","status-publish","format-standard","has-post-thumbnail","hentry","category-actualite","category-tunisie"],"_links":{"self":[{"href":"https:\/\/linitiative.ca\/International\/wp-json\/wp\/v2\/posts\/50755","targetHints":{"allow":["GET"]}}],"collection":[{"href":"https:\/\/linitiative.ca\/International\/wp-json\/wp\/v2\/posts"}],"about":[{"href":"https:\/\/linitiative.ca\/International\/wp-json\/wp\/v2\/types\/post"}],"author":[{"embeddable":true,"href":"https:\/\/linitiative.ca\/International\/wp-json\/wp\/v2\/users\/1789"}],"replies":[{"embeddable":true,"href":"https:\/\/linitiative.ca\/International\/wp-json\/wp\/v2\/comments?post=50755"}],"version-history":[{"count":0,"href":"https:\/\/linitiative.ca\/International\/wp-json\/wp\/v2\/posts\/50755\/revisions"}],"wp:featuredmedia":[{"embeddable":true,"href":"https:\/\/linitiative.ca\/International\/wp-json\/"}],"wp:attachment":[{"href":"https:\/\/linitiative.ca\/International\/wp-json\/wp\/v2\/media?parent=50755"}],"wp:term":[{"taxonomy":"category","embeddable":true,"href":"https:\/\/linitiative.ca\/International\/wp-json\/wp\/v2\/categories?post=50755"},{"taxonomy":"post_tag","embeddable":true,"href":"https:\/\/linitiative.ca\/International\/wp-json\/wp\/v2\/tags?post=50755"}],"curies":[{"name":"wp","href":"https:\/\/api.w.org\/{rel}","templated":true}]}}