{"id":50791,"date":"2019-08-07T11:26:32","date_gmt":"2019-08-07T15:26:32","guid":{"rendered":"https:\/\/linitiative.ca\/International\/developpement-bientot-un-2e-terminal-a-conteneurs-au-pad\/"},"modified":"2019-08-07T11:26:32","modified_gmt":"2019-08-07T15:26:32","slug":"developpement-bientot-un-2e-terminal-a-conteneurs-au-pad","status":"publish","type":"post","link":"https:\/\/linitiative.ca\/International\/developpement-bientot-un-2e-terminal-a-conteneurs-au-pad\/","title":{"rendered":"D\u00e9veloppement : bient\u00f4t un 2\u00e8 terminal \u00e0 conteneurs au PAD"},"content":{"rendered":"<div class=\"featured-area featured-area-inner\"><img loading=\"lazy\" decoding=\"async\" width=\"780\" height=\"405\" src=\"https:\/\/i0.wp.com\/ecomatin.net\/wp-content\/uploads\/2019\/06\/ecomatin.net-transport-le-nouveau-concessionnaire-du-terminal-a-conteneurs-du-port-de-douala-sera-choisi-demain-pad-3.jpg?resize=780%2C405&#038;ssl=1&#038;is-pending-load=1\" class=\"attachment-jannah-image-post size-jannah-image-post wp-post-image jetpack-lazy-image\" alt=\"\" data-attachment-id=\"9072\" data-permalink=\"https:\/\/ecomatin.net\/le-nouveau-concessionnaire-du-terminal-a-conteneurs-du-port-de-douala-sera-choisi-demain\/pad-3\/\" data-orig-file=\"https:\/\/i0.wp.com\/ecomatin.net\/wp-content\/uploads\/2019\/06\/ecomatin.net-transport-le-nouveau-concessionnaire-du-terminal-a-conteneurs-du-port-de-douala-sera-choisi-demain-pad-3.jpg?fit=1080%2C608&#038;ssl=1\" data-orig-size=\"1080,608\" data-comments-opened=\"0\" data-image-meta=\"{\"aperture\":\"0\",\"credit\":\"\",\"camera\":\"\",\"caption\":\"\",\"created_timestamp\":\"0\",\"copyright\":\"\",\"focal_length\":\"0\",\"iso\":\"0\",\"shutter_speed\":\"0\",\"title\":\"\",\"orientation\":\"0\"}\" data-image-title=\"Pad 3\" data-image-description=\"\" data-medium-file=\"https:\/\/i0.wp.com\/ecomatin.net\/wp-content\/uploads\/2019\/06\/ecomatin.net-transport-le-nouveau-concessionnaire-du-terminal-a-conteneurs-du-port-de-douala-sera-choisi-demain-pad-3.jpg?fit=300%2C169&#038;ssl=1\" data-large-file=\"https:\/\/i0.wp.com\/ecomatin.net\/wp-content\/uploads\/2019\/06\/ecomatin.net-transport-le-nouveau-concessionnaire-du-terminal-a-conteneurs-du-port-de-douala-sera-choisi-demain-pad-3.jpg?fit=1024%2C576&#038;ssl=1\" srcset=\"data:image\/gif;base64,R0lGODlhAQABAIAAAAAAAP\/\/\/yH5BAEAAAAALAAAAAABAAEAAAIBRAA7\"\/><\/div>\n<div class=\"entry-content entry clearfix\" readability=\"68\">\n<p>C\u2019est une ambition majeure dans la modernisation engag\u00e9e par le top management du <strong>Port Autonome de Douala<\/strong> (<strong>PAD<\/strong>). La construction d\u2019un deuxi\u00e8me terminal \u00e0 conteneurs devrait induire des incidences majeures dans la r\u00e9duction des d\u00e9lais de passage des marchandises au port de Douala-Bonab\u00e9ri. Et, la construction de ce second terminal \u00e0 conteneurs figure m\u00eame d\u00e9j\u00e0 parmi les projets structurants, selon les informations contenues dans une \u00e9dition sp\u00e9ciale du magazine interne de l\u2019entreprise. Selon ce magazine consacr\u00e9 aux \u00ab\u2009<em>projets structurants<\/em>\u2009\u00bb en cours au PAD, le 2e terminal \u00e0 conteneurs en gestation devrait \u00eatre construit sous le mod\u00e8le BOT (Built Operate Transfer), <em>\u00ab\u2009soit sur la rive gauche, dans le prolongement du terminal \u00e0 conteneurs actuel, soit sur la rive droite<\/em>\u2009\u00bb. La finalisation de <em>\u00ab\u2009l\u2019\u00e9tude compar\u00e9e de faisabilit\u00e9<\/em>\u2009\u00bb ainsi que la \u00ab\u2009<em>signature de la convention de concession<\/em>\u2009\u00bb sont pr\u00e9vues pour la fin du mois de d\u00e9cembre 2019.<\/p>\n<p>C\u2019est donc une bonne nouvelle pour la fluidit\u00e9 des marchandises au Port de Douala-Bonab\u00e9ri. D\u00e9j\u00e0, dans le cadre de son bilan septennal allant de 2011 \u00e0 2018, <strong>Cyrus Ng\u2019o<\/strong>, DG du PAD indiquait que la fluidit\u00e9 \u00e9tait enti\u00e8rement restaur\u00e9e sur les exportations conteneuris\u00e9es. \u00ab<em>Les d\u00e9lais de passage des conteneurs \u00e0 l\u2019exportation dans ce terminal sont aujourd\u2019hui en dessous de la franchise r\u00e8glementaire de <strong>7 jours<\/strong> et le temps d\u2019attente des navires porte-conteneurs \u00e0 la bou\u00e9e de base est nul (0 jour)<\/em> \u00bb, affirmait-il. Le DG du PAD rappelait d\u2019ailleurs que c\u2019est au mois de f\u00e9vrier 2018 que le PAD avait d\u00e9cid\u00e9 de prendre des mesures fortes pour endiguer la saturation des terminaux \u00ab <em>bois<\/em> \u00bb et \u00ab <em>conteneurs<\/em> \u00bb, et pr\u00e9venir tout d\u00e9ficit de fluidit\u00e9 qui poindrait \u00e0 l\u2019horizon. Le taux d\u2019occupation au parc des marchandises \u00e0 l\u2019export \u00e9tait alors de 130%, avec plus de <strong>6000 conteneurs<\/strong> en stock au terminal \u00e0 conteneurs, et des rendements portiques de quai extr\u00eamement faibles. Le temps d\u2019attente des navires porte-conteneurs \u00e0 la bou\u00e9e de base \u00e9tait sup\u00e9rieur \u00e0 <strong>15 jours<\/strong> et le d\u00e9lai moyen de passage des conteneurs exports sur le terminal \u00e9tait proche de <strong>17 jours<\/strong>, contre moins de <strong>8 jours<\/strong> normalement.<\/p>\n<p>Il faut noter que le projet de construction d\u2019un 2\u00e8 terminal \u00e0 conteneurs au PAD est r\u00e9v\u00e9l\u00e9 au moment o\u00f9 le PAD conduit le processus de s\u00e9lection d\u2019un nouveau concessionnaire du premier terminal \u00e0 conteneurs du port de Douala, op\u00e9r\u00e9 depuis 2005 par <strong>Douala International Terminal<\/strong> (<strong>DIT<\/strong>), entreprise contr\u00f4l\u00e9e par le consortium <strong>Bollor\u00e9-APM Terminals<\/strong>. Candidat \u00e0 sa propre succession sur ce terminal, ce consortium a \u00e9t\u00e9 \u00e9vinc\u00e9 au terme de l\u2019appel international \u00e0 manifestation d\u2019int\u00e9r\u00eat, qui a permis de retenir cinq candidats (deux ont finalement r\u00e9pondu \u00e0 l\u2019appel d\u2019offres restreint, NDLR). Ces deux entreprises ayant finalement r\u00e9pondu \u00e0 l\u2019appel d\u2019offres retreint, notamment la soci\u00e9t\u00e9 \u00e9miratie <strong>Duba\u00ef Port World<\/strong> et le Suisse <strong>Terminal Investment Ltd<\/strong>, doivent donc se pr\u00e9parer \u00e0 affronter, d\u00e8s 2021, la concurrence avec ce 2e terminal \u00e0 conteneurs en gestation au port de Douala.<\/p>\n<div class=\"about-author about-author-box container-wrapper\">\n<div class=\"author-avatar\">\n<p><img decoding=\"async\" src=\"http:\/\/\" alt=\"\"\/><\/p>\n<\/div>\n<p><h4>La R\u00e9daction EcoMatin<\/h4>\n<\/p>\n<\/div>\n<div class=\"awac-wrapper awac widget blog_subscription-2\">\n<h4 class=\"widget-title\">Abonnez-vous \u00e0 notre lettre d&rsquo;information<\/h4>\n<\/div>\n<\/div>\n<div class=\"toggle-post-content clearfix\"><a id=\"toggle-post-button\" class=\"button\" href=\"#\">Afficher plus <\/a><\/div>\n<p>Auteur: EcoMatin<br \/>\n<a href=\"https:\/\/ecomatin.net\/developpement-bientot-un-2e-terminal-a-conteneurs-au-pad\/\">Cliquez ici pour lire l&rsquo;article depuis sa source.<\/a><\/p>\n","protected":false},"excerpt":{"rendered":"<p>C\u2019est une ambition majeure dans la modernisation engag\u00e9e par le top management du Port Autonome de Douala (PAD). La construction d\u2019un deuxi\u00e8me terminal \u00e0 conteneurs devrait induire des incidences majeures dans la r\u00e9duction des d\u00e9lais de passage des marchandises au port de Douala-Bonab\u00e9ri. Et, la construction de ce second terminal \u00e0 conteneurs figure m\u00eame d\u00e9j\u00e0 [&hellip;]<\/p>\n","protected":false},"author":1969,"featured_media":0,"comment_status":"closed","ping_status":"closed","sticky":false,"template":"","format":"standard","meta":{"fifu_image_url":"","fifu_image_alt":"","footnotes":""},"categories":[82,78],"tags":[],"class_list":["post-50791","post","type-post","status-publish","format-standard","hentry","category-cameroun","category-economie"],"_links":{"self":[{"href":"https:\/\/linitiative.ca\/International\/wp-json\/wp\/v2\/posts\/50791","targetHints":{"allow":["GET"]}}],"collection":[{"href":"https:\/\/linitiative.ca\/International\/wp-json\/wp\/v2\/posts"}],"about":[{"href":"https:\/\/linitiative.ca\/International\/wp-json\/wp\/v2\/types\/post"}],"author":[{"embeddable":true,"href":"https:\/\/linitiative.ca\/International\/wp-json\/wp\/v2\/users\/1969"}],"replies":[{"embeddable":true,"href":"https:\/\/linitiative.ca\/International\/wp-json\/wp\/v2\/comments?post=50791"}],"version-history":[{"count":0,"href":"https:\/\/linitiative.ca\/International\/wp-json\/wp\/v2\/posts\/50791\/revisions"}],"wp:attachment":[{"href":"https:\/\/linitiative.ca\/International\/wp-json\/wp\/v2\/media?parent=50791"}],"wp:term":[{"taxonomy":"category","embeddable":true,"href":"https:\/\/linitiative.ca\/International\/wp-json\/wp\/v2\/categories?post=50791"},{"taxonomy":"post_tag","embeddable":true,"href":"https:\/\/linitiative.ca\/International\/wp-json\/wp\/v2\/tags?post=50791"}],"curies":[{"name":"wp","href":"https:\/\/api.w.org\/{rel}","templated":true}]}}