{"id":50806,"date":"2019-08-08T11:45:35","date_gmt":"2019-08-08T15:45:35","guid":{"rendered":"https:\/\/linitiative.ca\/International\/fassi-fihri-appelle-a-dispenser-un-enseignement-de-haute-qualite\/"},"modified":"2019-08-08T11:45:35","modified_gmt":"2019-08-08T15:45:35","slug":"fassi-fihri-appelle-a-dispenser-un-enseignement-de-haute-qualite","status":"publish","type":"post","link":"https:\/\/linitiative.ca\/International\/fassi-fihri-appelle-a-dispenser-un-enseignement-de-haute-qualite\/","title":{"rendered":"Fassi Fihri appelle \u00e0 dispenser un enseignement de haute qualit\u00e9"},"content":{"rendered":"<p class=\"c3\"><span class=\"c2\"><strong>Ecoles nationales d\u2019architecture<\/strong><\/span><\/p>\n<p class=\"c5\"><em><span class=\"c4\"><strong><span class=\"c2\">L<\/span><\/strong>e ministre de l\u2019Am\u00e9nagement du territoire, de l\u2019urbanisme, de l\u2019habitat et de la politique de la ville, Abdelahad Fassi Fihri, a appel\u00e9 les directeurs des Ecoles nationales d\u2019architecture (ENA) relevant de son minist\u00e8re, \u00e0 \u0153uvrer pour dispenser un enseignement de haute qualit\u00e9 dans toutes les r\u00e9gions du R oyaume.<\/span><\/em><\/p>\n<p class=\"c5\">Lors d\u2019une r\u00e9union consacr\u00e9e \u00e0 l\u2019\u00e9tat d\u2019avancement des travaux d\u2019am\u00e9nagement des locaux des Ecoles nationales d\u2019architecture et \u00e0 divers aspects financiers et p\u00e9dagogiques qu\u2019il a pr\u00e9sid\u00e9e r\u00e9cemment \u00e0 Rabat, M. Fassi Fihri a soulign\u00e9 l\u2019importance de poursuivre la formation des \u00e9tudiants tout au long du cycle d\u2019enseignement jusqu\u2019\u00e0 l\u2019obtention des dipl\u00f4mes, et ce \u00e0 partir de l\u2019ann\u00e9e scolaire 2019-2020, indique un communiqu\u00e9 du minist\u00e8re.<\/p>\n<p class=\"c5\">Le ministre a \u00e9galement appel\u00e9 les directeurs de ces \u00e9tablissements \u00e0 organiser et \u00e0 intensifier les rencontres d\u2019\u00e9change d\u2019exp\u00e9riences et de formation au profit des \u00e9tudiants, afin de leur permettre de disposer de tous les moyens didactiques et pratiques n\u00e9cessaires pour relever les d\u00e9fis de la transition et mener le Maroc vers un nouveau mod\u00e8le de d\u00e9veloppement conform\u00e9ment aux Hautes Orientations de Sa Majest\u00e9 le Roi Mohammed VI.<\/p>\n<p class=\"c5\">Le minist\u00e8re, poursuit la m\u00eame source, accorde un grand int\u00e9r\u00eat \u00e0 cette op\u00e9ration en fournissant tous les moyens humains et financiers n\u00e9cessaires, dont la mise \u00e0 disposition de si\u00e8ges ad\u00e9quats pour abriter ces \u00e9tablissements.<\/p>\n<p class=\"c5\">La cr\u00e9ation de ces \u00e9coles s\u2019inscrit dans le cadre de la r\u00e9gionalisation avanc\u00e9e et l\u2019\u00e9largissement de l\u2019offre publique en mati\u00e8re de formation aux m\u00e9tiers de l\u2019architecture. Ainsi, l\u2019\u00e9laboration de ce projet s\u2019est d\u00e9roul\u00e9e de fa\u00e7on progressive avec l\u2019ouverture, dans un premier temps, de trois \u00e9tablissements affili\u00e9s \u00e0 l\u2019Ecole nationale d\u2019architecture de Rabat. Implant\u00e9es dans les villes de F\u00e8s, T\u00e9touan et de Marrakech, ces \u00e9coles s\u2019ajoutent \u00e0 celle d\u2019Agadir pour ainsi former un r\u00e9seau d\u2019\u00e9tablissements autonome.<\/p>\n<p>Auteur: M&rsquo;hammed rahal<br \/>\n<a href=\"http:\/\/albayane.press.ma\/fassi-fihri-appelle-a-dispenser-un-enseignement-de-haute-qualite.html\">Cliquez ici pour lire l&rsquo;article depuis sa source.<\/a><\/p>\n","protected":false},"excerpt":{"rendered":"<p>Ecoles nationales d\u2019architecture Le ministre de l\u2019Am\u00e9nagement du territoire, de l\u2019urbanisme, de l\u2019habitat et de la politique de la ville, Abdelahad Fassi Fihri, a appel\u00e9 les directeurs des Ecoles nationales d\u2019architecture (ENA) relevant de son minist\u00e8re, \u00e0 \u0153uvrer pour dispenser un enseignement de haute qualit\u00e9 dans toutes les r\u00e9gions du R oyaume. Lors d\u2019une r\u00e9union [&hellip;]<\/p>\n","protected":false},"author":1760,"featured_media":0,"comment_status":"closed","ping_status":"closed","sticky":false,"template":"","format":"standard","meta":{"fifu_image_url":"","fifu_image_alt":"","footnotes":""},"categories":[73,54],"tags":[],"class_list":["post-50806","post","type-post","status-publish","format-standard","hentry","category-actualite","category-maroc"],"_links":{"self":[{"href":"https:\/\/linitiative.ca\/International\/wp-json\/wp\/v2\/posts\/50806","targetHints":{"allow":["GET"]}}],"collection":[{"href":"https:\/\/linitiative.ca\/International\/wp-json\/wp\/v2\/posts"}],"about":[{"href":"https:\/\/linitiative.ca\/International\/wp-json\/wp\/v2\/types\/post"}],"author":[{"embeddable":true,"href":"https:\/\/linitiative.ca\/International\/wp-json\/wp\/v2\/users\/1760"}],"replies":[{"embeddable":true,"href":"https:\/\/linitiative.ca\/International\/wp-json\/wp\/v2\/comments?post=50806"}],"version-history":[{"count":0,"href":"https:\/\/linitiative.ca\/International\/wp-json\/wp\/v2\/posts\/50806\/revisions"}],"wp:attachment":[{"href":"https:\/\/linitiative.ca\/International\/wp-json\/wp\/v2\/media?parent=50806"}],"wp:term":[{"taxonomy":"category","embeddable":true,"href":"https:\/\/linitiative.ca\/International\/wp-json\/wp\/v2\/categories?post=50806"},{"taxonomy":"post_tag","embeddable":true,"href":"https:\/\/linitiative.ca\/International\/wp-json\/wp\/v2\/tags?post=50806"}],"curies":[{"name":"wp","href":"https:\/\/api.w.org\/{rel}","templated":true}]}}